{"id":3811,"date":"2022-11-08T09:26:00","date_gmt":"2022-11-08T09:26:00","guid":{"rendered":"https:\/\/editorial.trevenque.es\/?p=3811"},"modified":"2022-11-24T10:30:25","modified_gmt":"2022-11-24T10:30:25","slug":"grupo-trevenque-estara-un-ano-mas-en-la-fil-2022","status":"publish","type":"post","link":"https:\/\/editorial.trevenque.es\/mx\/grupo-trevenque-estara-un-ano-mas-en-la-fil-2022\/","title":{"rendered":"Grupo Trevenque estar\u00e1 un a\u00f1o m\u00e1s en la FIL 2022"},"content":{"rendered":"<p>Se acerca una de las fechas m\u00e1s esperadas por el sector editorial de habla hispana. Nos referimos, por supuesto, a la <strong>FIL 2022<\/strong> (<strong><a href=\"https:\/\/www.fil.com.mx\/info\/info_fil.asp\" target=\"_blank\" rel=\"noopener\">Feria Internacional del Libro de Guadalajara<\/a><\/strong>), que tendr\u00e1 lugar desde el pr\u00f3ximo s\u00e1bado 26 de noviembre hasta el domingo 4 de diciembre.<\/p>\n<p>La cita, que alcanza este a\u00f1o su 36\u00aa edici\u00f3n, se trata del evento m\u00e1s importante del mundo del libro en espa\u00f1ol. Una extensa trayectoria que la ha llevado a evolucionar para ser mucho m\u00e1s que un simple encuentro profesional, configurando un <strong>aut\u00e9ntico festival cultural en el que, como siempre, la literatura ser\u00e1 la columna vertebral<\/strong>.<\/p>\n<p>De este modo, el recinto ferial de Expo Guadalajara volver\u00e1 a acoger durante nueve d\u00edas a todos los actores relacionados con el sector: lectores, autores, editoriales, distribuidoras y librer\u00edas. Y, <a href=\"https:\/\/www.trevenque.es\/grupo-trevenque\/grupo-trevenque-en-mexico-y-latinoamerica-12-anos-de-trabajo-y-grandes-momentos\/\" target=\"_blank\" rel=\"noopener\">como viene haciendo desde 2008<\/a>, <strong>Trevenque Group no faltar\u00e1 a esta importante cita, figurando entre el listado de expositores oficiales de la FIL 2022. <\/strong><\/p>\n<h2><strong>Guadalajara, capital mundial del libro<\/strong><\/h2>\n<p>Tras la Feria del Libro de Frankfurt, la FIL constituye la mayor feria internacional dedicada al sector editorial. Una posici\u00f3n a\u00fan m\u00e1s reforzada tras la <strong>elecci\u00f3n de Guadalajara como Capital Mundial del Libro 2022<\/strong> por parte de la Unesco.<\/p>\n<p>Para celebrar esta condici\u00f3n, desde la organizaci\u00f3n han decidido poner toda la carne en el asador, regresando a un <strong>formato sin restricciones de aforo<\/strong> tras la forzosa edici\u00f3n virtual de 2020 y la presencial, aunque con asistencia reducida, de 2021. Ra\u00fal Padilla L\u00f3pez, presidente de la FIL, y Marisol Schulz, directora general, han declarado que la feria volver\u00e1 este a\u00f1o a sus cifras habituales, acogiendo a un 95% de las editoriales que habitualmente participaban antes de la pandemia, y con una afluencia de p\u00fablico que esperan <strong>supere los 80 mil asistentes, 12 mil de ellos correspondientes a perfiles profesionales<\/strong>.<\/p>\n<p><img loading=\"lazy\" decoding=\"async\" class=\"size-full wp-image-3815 aligncenter\" src=\"https:\/\/editorial.trevenque.es\/wp-content\/uploads\/2022\/11\/Fil-Guadalajara-2022_Grupo-Trevenque-1.png\" alt=\"Feria Internacional del Libro de Guadalajara\" width=\"960\" height=\"606\" srcset=\"https:\/\/editorial.trevenque.es\/wp-content\/uploads\/2022\/11\/Fil-Guadalajara-2022_Grupo-Trevenque-1-200x126.png 200w, https:\/\/editorial.trevenque.es\/wp-content\/uploads\/2022\/11\/Fil-Guadalajara-2022_Grupo-Trevenque-1-300x189.png 300w, https:\/\/editorial.trevenque.es\/wp-content\/uploads\/2022\/11\/Fil-Guadalajara-2022_Grupo-Trevenque-1-320x202.png 320w, https:\/\/editorial.trevenque.es\/wp-content\/uploads\/2022\/11\/Fil-Guadalajara-2022_Grupo-Trevenque-1-400x253.png 400w, https:\/\/editorial.trevenque.es\/wp-content\/uploads\/2022\/11\/Fil-Guadalajara-2022_Grupo-Trevenque-1-600x379.png 600w, https:\/\/editorial.trevenque.es\/wp-content\/uploads\/2022\/11\/Fil-Guadalajara-2022_Grupo-Trevenque-1-700x441.png 700w, https:\/\/editorial.trevenque.es\/wp-content\/uploads\/2022\/11\/Fil-Guadalajara-2022_Grupo-Trevenque-1-768x485.png 768w, https:\/\/editorial.trevenque.es\/wp-content\/uploads\/2022\/11\/Fil-Guadalajara-2022_Grupo-Trevenque-1-800x505.png 800w, https:\/\/editorial.trevenque.es\/wp-content\/uploads\/2022\/11\/Fil-Guadalajara-2022_Grupo-Trevenque-1.png 960w\" sizes=\"auto, (max-width: 960px) 100vw, 960px\" \/><\/p>\n<p>Los visitantes de la FIL podr\u00e1n disfrutar de m\u00e1s de <strong>tres mil actividades literarias, talleres acad\u00e9micos, conferencias de divulgaci\u00f3n y exhibiciones art\u00edsticas. <\/strong>Adem\u00e1s, se mantendr\u00e1 la presencia de grandes escritores y figuras de la literatura contempor\u00e1nea, procedentes de hasta 45 pa\u00edses diferentes, y est\u00e1n previstas m\u00e1s de 600 presentaciones de libros.<\/p>\n<p><a href=\"https:\/\/www.fil.com.mx\/prog\/indice.asp\" target=\"_blank\" rel=\"noopener\">Este interesante y completo programa<\/a> resulta a\u00fan m\u00e1s atractivo gracias a la regi\u00f3n que ejercer\u00e1 como <strong>invitado de honor este a\u00f1o: la ciudad de Sharja<\/strong>, el tercer emirato m\u00e1s grande de los siete que conforman los Emiratos \u00c1rabes Unidos. Una ocasi\u00f3n \u00fanica para abrir una puerta al redescubrimiento de la rica cultura literaria \u00e1rabe.<\/p>\n<h2><strong>Trevenque Group, 30 a\u00f1os impulsando el sector editorial latinoamericano<\/strong><\/h2>\n<p>Todos estos alicientes har\u00e1n un a\u00f1o m\u00e1s de FIL Guadalajara un <strong>evento clave para el sector editorial de Espa\u00f1a y Latinoam\u00e9rica<\/strong>, para el que desde Trevenque Group llevamos trabajando tres d\u00e9cadas. Una experiencia que nos ha permitido desarrollar un completo portfolio de <strong>soluciones tecnol\u00f3gicas especializadas en la edici\u00f3n, distribuci\u00f3n y venta de libros<\/strong>.<\/p>\n<p>Todas ellas ser\u00e1n presentadas <a href=\"https:\/\/www.fil.com.mx\/exp\/rplano.asp?2=204&amp;idst=1\" target=\"_blank\" rel=\"noopener\">desde nuestro stand<\/a>, el <strong>\u00d1\u00d111<\/strong>, informando y asesorando a los visitantes sobre las caracter\u00edsticas y funcionalidades de nuestros <strong>softwares de gesti\u00f3n verticales<\/strong> (<a href=\"https:\/\/editorial.trevenque.es\/productos\/geslib\/\" target=\"_blank\" rel=\"noopener\">Geslib<\/a> y <a href=\"https:\/\/editorial.trevenque.es\/productos\/gesedi\/\" target=\"_blank\" rel=\"noopener\">Gesedi<\/a>) y <strong>plataformas ecommerce<\/strong> (<a href=\"https:\/\/editorial.trevenque.es\/productos\/weblib\/\" target=\"_blank\" rel=\"noopener\">Weblib<\/a> y <a href=\"https:\/\/editorial.trevenque.es\/productos\/webedi\/\" target=\"_blank\" rel=\"noopener\">Webedi<\/a>), herramientas dise\u00f1adas pensando espec\u00edficamente en las casu\u00edsticas que se dan el d\u00eda a d\u00eda de las <strong>cadenas de librer\u00edas, libreros independientes, papeler\u00edas, editoriales y distribuidoras<\/strong>.<\/p>\n<p>Como proveedores tecnol\u00f3gicos l\u00edderes en este mercado seguimos plenamente comprometidos con la transformaci\u00f3n digital del sector editorial latinoamericano, por lo que ser\u00e1 un verdadero placer volver a estar junto a ellos en un <strong>evento clave para la evoluci\u00f3n de su ecosistema<\/strong>.<\/p>\n<p>Recordad: pod\u00e9is visitarnos en el stand \u00d1\u00d111. \u00a1Nos vemos a partir del 26 de noviembre en la FIL 2022!<\/p>\n","protected":false},"excerpt":{"rendered":"<p>Se acerca una de las fechas m\u00e1s esperadas por el sector editorial de habla hispana. Nos referimos, por supuesto, a la FIL 2022 (Feria Internacional [&hellip;]<\/p>\n","protected":false},"author":8,"featured_media":3813,"comment_status":"open","ping_status":"open","sticky":false,"template":"","format":"standard","meta":{"_acf_changed":false,"footnotes":""},"categories":[],"tags":[76,58,75,59,47],"class_list":["post-3811","post","type-post","status-publish","format-standard","has-post-thumbnail","hentry","tag-distribuidores","tag-editoriales","tag-feria-del-libro","tag-fil","tag-librerias"],"acf":[],"_links":{"self":[{"href":"https:\/\/editorial.trevenque.es\/mx\/wp-json\/wp\/v2\/posts\/3811","targetHints":{"allow":["GET"]}}],"collection":[{"href":"https:\/\/editorial.trevenque.es\/mx\/wp-json\/wp\/v2\/posts"}],"about":[{"href":"https:\/\/editorial.trevenque.es\/mx\/wp-json\/wp\/v2\/types\/post"}],"author":[{"embeddable":true,"href":"https:\/\/editorial.trevenque.es\/mx\/wp-json\/wp\/v2\/users\/8"}],"replies":[{"embeddable":true,"href":"https:\/\/editorial.trevenque.es\/mx\/wp-json\/wp\/v2\/comments?post=3811"}],"version-history":[{"count":5,"href":"https:\/\/editorial.trevenque.es\/mx\/wp-json\/wp\/v2\/posts\/3811\/revisions"}],"predecessor-version":[{"id":3847,"href":"https:\/\/editorial.trevenque.es\/mx\/wp-json\/wp\/v2\/posts\/3811\/revisions\/3847"}],"wp:featuredmedia":[{"embeddable":true,"href":"https:\/\/editorial.trevenque.es\/mx\/wp-json\/wp\/v2\/media\/3813"}],"wp:attachment":[{"href":"https:\/\/editorial.trevenque.es\/mx\/wp-json\/wp\/v2\/media?parent=3811"}],"wp:term":[{"taxonomy":"category","embeddable":true,"href":"https:\/\/editorial.trevenque.es\/mx\/wp-json\/wp\/v2\/categories?post=3811"},{"taxonomy":"post_tag","embeddable":true,"href":"https:\/\/editorial.trevenque.es\/mx\/wp-json\/wp\/v2\/tags?post=3811"}],"curies":[{"name":"wp","href":"https:\/\/api.w.org\/{rel}","templated":true}]}}