{"id":3784,"date":"2022-10-27T15:34:55","date_gmt":"2022-10-27T15:34:55","guid":{"rendered":"https:\/\/editorial.trevenque.es\/?p=3784"},"modified":"2022-10-27T15:41:55","modified_gmt":"2022-10-27T15:41:55","slug":"publicamos-dos-nuevos-proyectos-de-weblib-en-octubre","status":"publish","type":"post","link":"https:\/\/editorial.trevenque.es\/mx\/publicamos-dos-nuevos-proyectos-de-weblib-en-octubre\/","title":{"rendered":"Publicamos dos nuevos proyectos de Weblib en octubre"},"content":{"rendered":"<p>Tras la siempre intensa campa\u00f1a de libros de texto, el mes de octubre del \u00e1rea <a href=\"https:\/\/editorial.trevenque.es\/\" target=\"_blank\" rel=\"noopener\">Editorial de Trevenque Group<\/a> ha estado marcada por el desarrollo de <strong>nuevos proyectos de <a href=\"https:\/\/editorial.trevenque.es\/productos\/weblib\/\" target=\"_blank\" rel=\"noopener\">Weblib<\/a><\/strong>. Algo que no nos ha impedido asistir a la <strong>Feria Internacional del Libro<\/strong> (<a href=\"https:\/\/www.liber.es\/\" target=\"_blank\" rel=\"noopener\">Liber 2022<\/a>), celebrada en Barcelona del 5 al 7 de octubre, en la que un a\u00f1o m\u00e1s presentamos a las editoriales, distribuidoras y librer\u00edas de Espa\u00f1a y Latinoam\u00e9rica <strong><a href=\"https:\/\/editorial.trevenque.es\/productos\/geslib\/\" target=\"_blank\" rel=\"noopener\">nuestras soluciones tecnol\u00f3gicas <\/a><\/strong>para el sector.<\/p>\n<p>Aunque ha habido algunos m\u00e1s, a continuaci\u00f3n os presentamos los proyectos m\u00e1s destacados que hemos publicado en las \u00faltimas semanas, confiando en que la <strong>\u00fanica plataforma web creada espec\u00edficamente para librer\u00edas<\/strong> les ayudar\u00e1 a mejorar su visibilidad online y llegar a nuevos clientes. Sigue leyendo para descubrir cu\u00e1les son:<\/p>\n<p><img loading=\"lazy\" decoding=\"async\" class=\"alignnone size-full wp-image-3787\" src=\"https:\/\/editorial.trevenque.es\/wp-content\/uploads\/2022\/10\/Muntanya-de-Llibres_Weblib.png\" alt=\"Librer\u00eda Muntanya de Llibres Weblib\" width=\"1200\" height=\"500\" srcset=\"https:\/\/editorial.trevenque.es\/wp-content\/uploads\/2022\/10\/Muntanya-de-Llibres_Weblib-200x83.png 200w, https:\/\/editorial.trevenque.es\/wp-content\/uploads\/2022\/10\/Muntanya-de-Llibres_Weblib-300x125.png 300w, https:\/\/editorial.trevenque.es\/wp-content\/uploads\/2022\/10\/Muntanya-de-Llibres_Weblib-400x167.png 400w, https:\/\/editorial.trevenque.es\/wp-content\/uploads\/2022\/10\/Muntanya-de-Llibres_Weblib-600x250.png 600w, https:\/\/editorial.trevenque.es\/wp-content\/uploads\/2022\/10\/Muntanya-de-Llibres_Weblib-768x320.png 768w, https:\/\/editorial.trevenque.es\/wp-content\/uploads\/2022\/10\/Muntanya-de-Llibres_Weblib-800x333.png 800w, https:\/\/editorial.trevenque.es\/wp-content\/uploads\/2022\/10\/Muntanya-de-Llibres_Weblib-1024x427.png 1024w, https:\/\/editorial.trevenque.es\/wp-content\/uploads\/2022\/10\/Muntanya-de-Llibres_Weblib.png 1200w\" sizes=\"auto, (max-width: 1200px) 100vw, 1200px\" \/><\/p>\n<p><strong>Muntanya de Llibres<\/strong><\/p>\n<p>El origen de esta librer\u00eda se remonta al 2004, a\u00f1o en que abrieron una primera sede en Osona. Su objetivo era convertirse en la principal <strong>librer\u00eda especializada en libros de monta\u00f1a, naturaleza y viajes<\/strong> de la comarca. Desde entonces, han logrado posicionarse como un referente en toda Catalu\u00f1a para los lectores m\u00e1s aventureros.<\/p>\n<p>Actualmente cuentan con un <strong>local de dos plantas con m\u00e1s de 150m2 de superficie en Vic<\/strong>, lo que les ha permitido ampliar su cat\u00e1logo dando cabida a las \u00faltimas novedades, publicaciones relacionadas con los movimientos feministas y LGTBI+, y crear un extenso fondo para divulgar la obra de los escritores de la regi\u00f3n.<\/p>\n<p>Tambi\u00e9n cuentan con un espacio cultural en sus instalaciones, el Espai Cultural Canig\u00f3, en el que organizan todo tipo de actividades, presentaciones, charlas y talleres. Su buen hacer les llev\u00f3 a <strong>obtener en 2015 el Premio Cambra a la mejor empresa del a\u00f1o<\/strong> que otorga la C\u00e1mara de Comercio de Barcelona. Su <strong><a href=\"https:\/\/www.muntanyadellibres.com\/cat\/\" target=\"_blank\" rel=\"noopener\">nueva web<\/a><\/strong>, en la que adem\u00e1s de recoger su cat\u00e1logo hemos habilitado una completa agenda de eventos, ha sido el \u00faltimo paso que han dado para abrir un nuevo canal de comunicaci\u00f3n\u00a0 de sus acciones de difusi\u00f3n cultural.<\/p>\n<p><img loading=\"lazy\" decoding=\"async\" class=\"alignnone size-full wp-image-3785\" src=\"https:\/\/editorial.trevenque.es\/wp-content\/uploads\/2022\/10\/El-rincon-de-Morla_Weblib.png\" alt=\"Librer\u00eda El Rinc\u00f3n de Morla Weblib\" width=\"1200\" height=\"500\" srcset=\"https:\/\/editorial.trevenque.es\/wp-content\/uploads\/2022\/10\/El-rincon-de-Morla_Weblib-200x83.png 200w, https:\/\/editorial.trevenque.es\/wp-content\/uploads\/2022\/10\/El-rincon-de-Morla_Weblib-300x125.png 300w, https:\/\/editorial.trevenque.es\/wp-content\/uploads\/2022\/10\/El-rincon-de-Morla_Weblib-400x167.png 400w, https:\/\/editorial.trevenque.es\/wp-content\/uploads\/2022\/10\/El-rincon-de-Morla_Weblib-600x250.png 600w, https:\/\/editorial.trevenque.es\/wp-content\/uploads\/2022\/10\/El-rincon-de-Morla_Weblib-768x320.png 768w, https:\/\/editorial.trevenque.es\/wp-content\/uploads\/2022\/10\/El-rincon-de-Morla_Weblib-800x333.png 800w, https:\/\/editorial.trevenque.es\/wp-content\/uploads\/2022\/10\/El-rincon-de-Morla_Weblib-1024x427.png 1024w, https:\/\/editorial.trevenque.es\/wp-content\/uploads\/2022\/10\/El-rincon-de-Morla_Weblib.png 1200w\" sizes=\"auto, (max-width: 1200px) 100vw, 1200px\" \/><\/p>\n<p><strong>El Rinc\u00f3n de Morla<\/strong><\/p>\n<p>Esta encantadora librer\u00eda goza de una <strong>ubicaci\u00f3n privilegiada en pleno centro de Valladolid<\/strong>, muy cercana a su majestuosa Plaza Mayor y a pocos metros del r\u00edo Pisuerga. En su interior, el visitante se siente como en su propia casa (y no es en absoluto una frase hecha).<\/p>\n<p>Sus propietarias, Gloria Hern\u00e1ndez y Marta Vidanes, quer\u00edan hacer de ella una extensi\u00f3n del sal\u00f3n de su casa. <strong>Un espacio en el que perderse durante horas<\/strong> entre libros y las historias que \u00e9stos contienen. Tras conocer a su librer\u00eda, podemos garantizaros que lo han conseguido.<\/p>\n<p>Su cat\u00e1logo se caracteriza por una selecci\u00f3n muy cuidada, en la que el protagonismo recae sobre los <strong>autores noveles y publicaciones poco conocidas<\/strong>. Algo que no es incompatible con la ambici\u00f3n de llegar a nuevos clientes, raz\u00f3n por la que confiaron en nuestro equipo para el desarrollo de su nueva p\u00e1gina. Si quer\u00e9is comprobar que todo lo que os hemos contado sobre El Rinc\u00f3n de Morla es cierto, <strong><a href=\"https:\/\/www.elrincondemorla.com\/\" target=\"_blank\" rel=\"noopener\">pod\u00e9is visitarla desde aqu\u00ed<\/a><\/strong>. Ver\u00e9is que no hemos exagerado en absoluto.<\/p>\n","protected":false},"excerpt":{"rendered":"<p>Tras la siempre intensa campa\u00f1a de libros de texto, el mes de octubre del \u00e1rea Editorial de Trevenque Group ha estado marcada por el desarrollo [&hellip;]<\/p>\n","protected":false},"author":8,"featured_media":3787,"comment_status":"open","ping_status":"open","sticky":false,"template":"","format":"standard","meta":{"_acf_changed":false,"footnotes":""},"categories":[],"tags":[47,61],"class_list":["post-3784","post","type-post","status-publish","format-standard","has-post-thumbnail","hentry","tag-librerias","tag-weblib"],"acf":[],"_links":{"self":[{"href":"https:\/\/editorial.trevenque.es\/mx\/wp-json\/wp\/v2\/posts\/3784","targetHints":{"allow":["GET"]}}],"collection":[{"href":"https:\/\/editorial.trevenque.es\/mx\/wp-json\/wp\/v2\/posts"}],"about":[{"href":"https:\/\/editorial.trevenque.es\/mx\/wp-json\/wp\/v2\/types\/post"}],"author":[{"embeddable":true,"href":"https:\/\/editorial.trevenque.es\/mx\/wp-json\/wp\/v2\/users\/8"}],"replies":[{"embeddable":true,"href":"https:\/\/editorial.trevenque.es\/mx\/wp-json\/wp\/v2\/comments?post=3784"}],"version-history":[{"count":8,"href":"https:\/\/editorial.trevenque.es\/mx\/wp-json\/wp\/v2\/posts\/3784\/revisions"}],"predecessor-version":[{"id":3798,"href":"https:\/\/editorial.trevenque.es\/mx\/wp-json\/wp\/v2\/posts\/3784\/revisions\/3798"}],"wp:featuredmedia":[{"embeddable":true,"href":"https:\/\/editorial.trevenque.es\/mx\/wp-json\/wp\/v2\/media\/3787"}],"wp:attachment":[{"href":"https:\/\/editorial.trevenque.es\/mx\/wp-json\/wp\/v2\/media?parent=3784"}],"wp:term":[{"taxonomy":"category","embeddable":true,"href":"https:\/\/editorial.trevenque.es\/mx\/wp-json\/wp\/v2\/categories?post=3784"},{"taxonomy":"post_tag","embeddable":true,"href":"https:\/\/editorial.trevenque.es\/mx\/wp-json\/wp\/v2\/tags?post=3784"}],"curies":[{"name":"wp","href":"https:\/\/api.w.org\/{rel}","templated":true}]}}