{"id":2957,"date":"2017-04-14T10:54:37","date_gmt":"2017-04-14T10:54:37","guid":{"rendered":"https:\/\/editorial.trevenque.es\/?p=2957"},"modified":"2021-08-10T11:12:25","modified_gmt":"2021-08-10T11:12:25","slug":"quiero-montar-una-editorial-por-donde-empiezo","status":"publish","type":"post","link":"https:\/\/editorial.trevenque.es\/mx\/quiero-montar-una-editorial-por-donde-empiezo\/","title":{"rendered":"\u00a1Quiero montar una editorial! \u00bfPor d\u00f3nde empiezo?"},"content":{"rendered":"<p>\u00bfTienes el sue\u00f1o de dirigir una\u00a0<strong>editorial<\/strong>? \u00bfEres una persona emprendedora que se imagina involucrada en el proceso de creaci\u00f3n de un\u00a0<strong>libro<\/strong>? Si tu respuesta es afirmativa este art\u00edculo te va ayudar a sentar las bases de tu futuro\u00a0<strong>negocio<\/strong>. \u00a1Comenzamos!<canvas width=\"100\" height=\"24\"><\/canvas><\/p>\n<h3>Conv\u00e9ncete y emprende<\/h3>\n<p>Si siempre te ha inquietado tener tu propia empresa deber\u00e1s saber todas las ventajas que ello tiene. \u00c1rmate de valor y da el primer paso para cumplir tu sue\u00f1o.<br \/>\nVas a poder decidir sobre tu futuro y por supuesto, el de tu negocio.<\/p>\n<ul>\n<li>T\u00fa marcar\u00e1s tus objetivos y la forma de conseguirlos.<\/li>\n<li>Ser\u00e1s director de ideas y tu creatividad dominar\u00e1 cada proceso, solo t\u00fa mandas.<\/li>\n<li>Tendr\u00e1s autonom\u00eda para trabajar<\/li>\n<li>Superar\u00e1s metas y tu satisfacci\u00f3n personal aumentar\u00e1<\/li>\n<li>Mantendr\u00e1s tu motivaci\u00f3n personal ya que de tu sue\u00f1o har\u00e1s un negocio<\/li>\n<li>Aprender\u00e1s y desarrollar\u00e1s capacidades que quiz\u00e1s desconoces<\/li>\n<li>Tomar\u00e1s decisiones y lo har\u00e1s bien<\/li>\n<li>Podr\u00e1s conciliar tu vida laboral con la profesional, es cuesti\u00f3n de organizaci\u00f3n<\/li>\n<li>Tu empresa permitir\u00e1 crear\u00e1 oportunidades laborales, por lo que har\u00e1s un bien para la sociedad<\/li>\n<li>Alcanzar\u00e1s estabilidad.<\/li>\n<\/ul>\n<h3>Primer paso: elige tu idea de negocio<\/h3>\n<p>\u00bfPor qu\u00e9 quieres montar una editorial? Adem\u00e1s de ser tu sue\u00f1o, debes plantearte tus<strong>\u00a0capacidades<\/strong>\u00a0y\u00a0<strong>conocimientos<\/strong>. Ver si se trata de la oportunidad perfecta para tu profesi\u00f3n, por ser una buena ocasi\u00f3n para el mercado o porque cuentas con materiales y dispositivos que te har\u00edan avanzar r\u00e1pidamente. Reflexiona porque es el momento de crear tu\u00a0<strong>plan de empresa<\/strong>.<\/p>\n<h3>Segundo paso: an\u00e1lisis DAFO<\/h3>\n<p>Antes de comenzar con tu plan de empresa, necesitar\u00e1s hacer un an\u00e1lisis a trav\u00e9s de diferentes variables externas e internas que te dar\u00e1n una idea global de tu situaci\u00f3n en el mercado. Esto te permitir\u00e1 conocer a tu competencia, posicionarte y establecer la diferenciaci\u00f3n para asegurarte la supervivencia.<\/p>\n<p>Para entenderlo, primero es necesario comprender las siglas de la palabra\u00a0<strong>DAFO<\/strong>.\u00a0<strong>Debilidades<\/strong>,\u00a0<strong>Amenazas<\/strong>,\u00a0<strong>Fortalezas<\/strong>\u00a0y\u00a0<strong>Oportunidades<\/strong>. Cuatro palabras que permiten hacer un an\u00e1lisis interno y externo a trav\u00e9s de diferentes preguntas. En el siguiente cuadro puedes ver qu\u00e9 debes analizar en cada una de las variables. Te recomendamos que crees tu propia tabla y reflejes de forma clara y concisa todos estos aspectos. Te ayudar\u00e1 mucho a centrar tu\u00a0<strong>objetivo<\/strong>.<\/p>\n<p><img loading=\"lazy\" decoding=\"async\" class=\"alignnone size-full wp-image-2960\" src=\"https:\/\/editorial.trevenque.es\/wp-content\/uploads\/2021\/08\/analisis-dafo.png\" alt=\"An\u00e1lisis DAFO\" width=\"646\" height=\"703\" srcset=\"https:\/\/editorial.trevenque.es\/wp-content\/uploads\/2021\/08\/analisis-dafo-200x218.png 200w, https:\/\/editorial.trevenque.es\/wp-content\/uploads\/2021\/08\/analisis-dafo-276x300.png 276w, https:\/\/editorial.trevenque.es\/wp-content\/uploads\/2021\/08\/analisis-dafo-400x435.png 400w, https:\/\/editorial.trevenque.es\/wp-content\/uploads\/2021\/08\/analisis-dafo-600x653.png 600w, https:\/\/editorial.trevenque.es\/wp-content\/uploads\/2021\/08\/analisis-dafo.png 646w\" sizes=\"auto, (max-width: 646px) 100vw, 646px\" \/><\/p>\n<div id=\"attachment_18260\" class=\"wp-caption aligncenter\">\n<p class=\"wp-caption-text\">Fuente: Comunidad de Madrid<\/p>\n<h3>Tercer paso: elaboraci\u00f3n de tu plan de empresa<\/h3>\n<\/div>\n<p>Se trata de crear un documento de trabajo, claro y conciso en el que desarrolles tu\u00a0<strong>proyecto empresarial<\/strong>, desde la definici\u00f3n de la actividad hasta los objetivos que pretendes. \u00bfNos ponemos a ello?<\/p>\n<h4>Ficha descriptiva: lo que debes incluir<canvas width=\"50\" height=\"22\"><\/canvas><\/h4>\n<ol>\n<li>Marca y nombre comercial<\/li>\n<li>Forma jur\u00eddica prevista<\/li>\n<li>\u00c1mbito y localizaci\u00f3n de la empresa<\/li>\n<li>Estructura econ\u00f3mica-financiera<\/li>\n<li>Capital necesario<\/li>\n<li>Presentaci\u00f3n de la idea<\/li>\n<li>C\u00f3mo, cu\u00e1ndo y por qu\u00e9 surge tu idea<\/li>\n<li>Presentaci\u00f3n del promotor o promotores<\/li>\n<li>De qui\u00e9n es la idea y c\u00f3mo se incorpora el resto de socios<\/li>\n<li>Experiencia y objetivos de los promotores<\/li>\n<li>Descripci\u00f3n de tu servicio<\/li>\n<li>Las caracter\u00edsticas de tu editorial<\/li>\n<li>El p\u00fablico objetivo al que te diriges si lectores o autores<\/li>\n<li>Qu\u00e9 te diferencia del resto de editoriales<\/li>\n<li>Las normas de prestaci\u00f3n de tu servicio<\/li>\n<\/ol>\n<h4>\u00bfQu\u00e9 profesionales necesito en mi editorial?<\/h4>\n<p>En este punto tambi\u00e9n debes plantear qu\u00e9\u00a0<strong>equipo humano<\/strong>\u00a0necesitas para poner en marcha tu negocio. Lo vemos m\u00e1s claro con algunas definiciones. Para empezar es necesario comprender la figura del editor: una persona natural que por cuenta propia elige o concibe obras literarias, cient\u00edficas o de cualquier tem\u00e1tica y realiza o encarga los procesos industriales para su transformaci\u00f3n en libro, cualquiera que sea su soporte con la finalidad de su publicaci\u00f3n y difusi\u00f3n o comunicaci\u00f3n.<br \/>\nPor tanto, t\u00fa como emprendedor que quiere poner en marcha una editorial, necesitaras de profesionales que completen todos los procesos. Por tanto, el equipo m\u00ednimo que necesitas ser\u00eda algo parecido a este:<\/p>\n<ul>\n<li><strong>Director editorial<\/strong>: persona encargada de seleccionar las obras que van a ser editadas, por lo que sus decisiones conforman el proyecto editorial.<\/li>\n<li><strong>Corrector y editor de textos<\/strong>: se ocupar\u00e1 de dotar al texto de la perfecci\u00f3n que necesita a trav\u00e9s de correcciones ortotipogr\u00e1ficas y de ortograf\u00eda.<\/li>\n<li><strong>Maquetador<\/strong>: persona que llevar\u00e1 a cabo el dise\u00f1o de la portada y el libro y se encargar\u00e1 adem\u00e1s, de la composici\u00f3n tipogr\u00e1fica.<\/li>\n<li><strong>Impresi\u00f3n o digitalizaci\u00f3n<\/strong>: seg\u00fan el formato que trabajes, tendr\u00e1s que contar con una imprenta externa o personas que se encarguen de transformar a ebooks los libros y ponernos en circulaci\u00f3n.<\/li>\n<\/ul>\n<h4>Cuarto paso: estudio de mercado<canvas width=\"65\" height=\"24\"><\/canvas><\/h4>\n<p>Tu\u00a0<strong>editorial<\/strong>\u00a0empieza ser una realidad. Sin embargo, para asegurarte la persistencia y tener muy claro a qu\u00e9 competidores te enfrentas, es fundamental que elabores un estudio de mercado. En este, deber\u00e1s definir tus servicios teniendo en cuenta a qu\u00e9 necesidad satisfacen y qu\u00e9<strong>\u00a0previsiones de evoluci\u00f3n<\/strong>\u00a0tiene el mercado.<\/p>\n<p>Debes identificar tu\u00a0<strong>mercado real<\/strong>\u00a0y\u00a0<strong>potencial<\/strong>\u00a0seg\u00fan tu tipo de\u00a0<strong>cliente<\/strong>: volumen, h\u00e1bitos, comportamientos, motivaciones de consumo, capacidad adquisitiva y distribuci\u00f3n geogr\u00e1fica.<br \/>\nDebes conocer a tus competidores, para ello tendr\u00e1s que realizar un estudio de las editoriales que compiten directamente contigo y otras que, por lejan\u00eda o tipolog\u00eda, te afectan de forma indirecta. Portales como la\u00a0<a href=\"http:\/\/federacioneditores.org\/directorio.php\" target=\"_blank\" rel=\"noopener\">Federaci\u00f3n del Gremio de Editores<\/a>\u00a0pueden ayudarte en este caso ya que disponen de un directorio de editoriales asociadas. El resto de datos como caracter\u00edsticas, volumen de negocio, servicios o precios, deber\u00e1s obtenerlos mediante el acceso a diferentes fuentes de informaci\u00f3n.<\/p>\n<p>Otro de los aspectos que debes tener en cuenta es c\u00f3mo ser\u00e1 tu llegada al mercado. Tienes que prever s\u00ed el resto de competidores\u00a0<strong>intentar\u00e1n atacarte<\/strong>. Ten en cuenta que en el mercado se lucha por ser el mejor y ten por seguro que tus competidores van a estar al tanto de tus movimientos.<\/p>\n<p>Eval\u00faa los problemas iniciales de costes, legislaci\u00f3n, etc. Tienes que tener muy claro todo lo que necesitas para evitar problemas fiscales y ver retrasada la puesta en marcha de tu negocio.<\/p>\n<h4>Datos en el Sector Editorial<canvas width=\"59\" height=\"24\"><\/canvas><\/h4>\n<p>El\u00a0<a href=\"http:\/\/www.mecd.gob.es\/portada-mecd\/\" target=\"_blank\" rel=\"noopener\">Ministerio de Educaci\u00f3n,<\/a>\u00a0el\u00a0<a href=\"http:\/\/www.educacion.es\/cultura-mecd\/areas-cultura\/libro\/mc\/observatoriolect\/redirige\/inicio.html\" target=\"_blank\" rel=\"noopener\">Observatorio de la Lectura<\/a>,\u00a0<strong>Asociaciones de Editores<\/strong>, etc\u00e9tera generan estad\u00edsticas e\u00a0<strong>informes<\/strong>\u00a0con datos del\u00a0<strong>sector editorial<\/strong>\u00a0en el mundo. Ser habitual de este tipo de documentos y estar al tanto de todos los datos que se generan en el sector facilitar\u00e1 la inmersi\u00f3n de tu editorial en este mundo y te ayudar\u00e1 a ser consciente de la situaci\u00f3n real para buscar c\u00f3mo marcar la diferencia.<\/p>\n<p>Crea alertas y suscr\u00edbete a todos los boletines de estas instituciones y de todos los portales web que generen contenidos del\u00a0<strong>Sector Editorial<\/strong>\u00a0y ten informaci\u00f3n de todo.<br \/>\nBusca tambi\u00e9n en las redes sociales personas influyentes en el mundo editorial. Te recomendamos que asistas tambi\u00e9n a todas las ponencias sobre temas que sean de inter\u00e9s para tu empresa. Cuanta m\u00e1s formaci\u00f3n e informaci\u00f3n tengas, m\u00e1s detallado ser\u00e1 tu estudio de mercado y conseguir\u00e1s superar a tu competencia.<\/p>\n<h3>Quinto paso: plan comercial y de marketing<canvas width=\"64\" height=\"24\"><\/canvas><\/h3>\n<p>Ahora que ya conoces el mercado en profundidad, que m\u00e1s o menos sabes c\u00f3mo podr\u00e1 ser tu entrada en el mundo de las editoriales, es momento de que elabores un plan comercial y de marketing.<\/p>\n<p>Ya conoces a tus competidores y sabes cu\u00e1l es tu diferenciaci\u00f3n, deber\u00e1s crear un documento que lo refleje y que responda a estos apartados.<\/p>\n<ul>\n<li>\u00bfSoy una editorial con sede f\u00edsica? \u00bfTrabajar\u00e9 en l\u00ednea?<\/li>\n<li>\u00bfC\u00f3mo voy a captar clientes?<\/li>\n<li>\u00bfC\u00f3mo voy a desarrollar todos los procesos?<\/li>\n<li>\u00bfVoy a vender mis libros a trav\u00e9s de Internet?<\/li>\n<li>\u00bfCu\u00e1les ser\u00e1n mis precios?<\/li>\n<li>\u00bfC\u00f3mo voy a comercializar?<\/li>\n<li>\u00bfQu\u00e9 servicios externos necesito?<\/li>\n<li>\u00bfC\u00f3mo llevar\u00e9 a cabo la atenci\u00f3n al cliente?<\/li>\n<\/ul>\n<p>Es en este punto, donde adem\u00e1s debes valorar qu\u00e9 tipo de forma jur\u00eddica te interesa para montar tu editorial y valorar si optar\u00e1s por solicitar alguna ayuda econ\u00f3mica (subvenci\u00f3n) que agilice tus procesos.<\/p>\n<p>Con esto, ya habremos dados los primeros pasos para montar una editorial. En pr\u00f3ximos art\u00edculos, profundizaremos en otros aspectos como la creaci\u00f3n de un contrato editorial o c\u00f3mo remunerar a los autores.<\/p>\n<p>Esperamos servirte de ayuda. Te invitamos a que sigas nuestros perfiles sociales y nos cuentes tus experiencias.<\/p>\n","protected":false},"excerpt":{"rendered":"<p>\u00bfTienes el sue\u00f1o de dirigir una\u00a0editorial? \u00bfEres una persona emprendedora que se imagina involucrada en el proceso de creaci\u00f3n de un\u00a0libro? Si tu respuesta es [&hellip;]<\/p>\n","protected":false},"author":14,"featured_media":2958,"comment_status":"open","ping_status":"open","sticky":false,"template":"","format":"standard","meta":{"_acf_changed":false,"footnotes":""},"categories":[],"tags":[58,50,61],"class_list":["post-2957","post","type-post","status-publish","format-standard","has-post-thumbnail","hentry","tag-editoriales","tag-geslib","tag-weblib"],"acf":[],"_links":{"self":[{"href":"https:\/\/editorial.trevenque.es\/mx\/wp-json\/wp\/v2\/posts\/2957","targetHints":{"allow":["GET"]}}],"collection":[{"href":"https:\/\/editorial.trevenque.es\/mx\/wp-json\/wp\/v2\/posts"}],"about":[{"href":"https:\/\/editorial.trevenque.es\/mx\/wp-json\/wp\/v2\/types\/post"}],"author":[{"embeddable":true,"href":"https:\/\/editorial.trevenque.es\/mx\/wp-json\/wp\/v2\/users\/14"}],"replies":[{"embeddable":true,"href":"https:\/\/editorial.trevenque.es\/mx\/wp-json\/wp\/v2\/comments?post=2957"}],"version-history":[{"count":2,"href":"https:\/\/editorial.trevenque.es\/mx\/wp-json\/wp\/v2\/posts\/2957\/revisions"}],"predecessor-version":[{"id":2963,"href":"https:\/\/editorial.trevenque.es\/mx\/wp-json\/wp\/v2\/posts\/2957\/revisions\/2963"}],"wp:featuredmedia":[{"embeddable":true,"href":"https:\/\/editorial.trevenque.es\/mx\/wp-json\/wp\/v2\/media\/2958"}],"wp:attachment":[{"href":"https:\/\/editorial.trevenque.es\/mx\/wp-json\/wp\/v2\/media?parent=2957"}],"wp:term":[{"taxonomy":"category","embeddable":true,"href":"https:\/\/editorial.trevenque.es\/mx\/wp-json\/wp\/v2\/categories?post=2957"},{"taxonomy":"post_tag","embeddable":true,"href":"https:\/\/editorial.trevenque.es\/mx\/wp-json\/wp\/v2\/tags?post=2957"}],"curies":[{"name":"wp","href":"https:\/\/api.w.org\/{rel}","templated":true}]}}