{"id":2890,"date":"2021-06-21T17:07:01","date_gmt":"2021-06-21T17:07:01","guid":{"rendered":"https:\/\/editorial.trevenque.es\/?p=2890"},"modified":"2021-06-21T17:07:01","modified_gmt":"2021-06-21T17:07:01","slug":"cuatro-clientes-de-geslib-obtienen-el-sello-como-librerias-de-calidad","status":"publish","type":"post","link":"https:\/\/editorial.trevenque.es\/mx\/cuatro-clientes-de-geslib-obtienen-el-sello-como-librerias-de-calidad\/","title":{"rendered":"Cuatro clientes de Geslib obtienen el sello como &#8220;Librer\u00edas de calidad&#8221;"},"content":{"rendered":"<p>En Trevenque Group estamos orgullosos de las librer\u00edas con las que trabajamos. Sabemos que desarrollan un trabajo de calidad, pero de vez en cuando esa condici\u00f3n queda reconocida oficialmente. Desde 2015, existe un Comit\u00e9 de Certificaci\u00f3n que premia la excelencia en la actividad librera con un <strong>Sello de Calidad<\/strong>. A comienzos de este mes de junio, seis nuevas librer\u00edas han obtenido este reconocimiento. Y de ellas, cuatro son clientes de <a href=\"https:\/\/editorial.trevenque.es\/productos\/geslib\/\">Geslib<\/a>.<\/p>\n<p><img loading=\"lazy\" decoding=\"async\" class=\"alignnone size-full wp-image-2891\" src=\"https:\/\/editorial.trevenque.es\/wp-content\/uploads\/2021\/06\/librerias-calidad.jpg\" alt=\"Cuatro clientes de Geslib obtienen el sello como &quot;Librer\u00edas de calidad&quot;\" width=\"908\" height=\"606\" srcset=\"https:\/\/editorial.trevenque.es\/wp-content\/uploads\/2021\/06\/librerias-calidad-200x133.jpg 200w, https:\/\/editorial.trevenque.es\/wp-content\/uploads\/2021\/06\/librerias-calidad-300x200.jpg 300w, https:\/\/editorial.trevenque.es\/wp-content\/uploads\/2021\/06\/librerias-calidad-400x267.jpg 400w, https:\/\/editorial.trevenque.es\/wp-content\/uploads\/2021\/06\/librerias-calidad-600x400.jpg 600w, https:\/\/editorial.trevenque.es\/wp-content\/uploads\/2021\/06\/librerias-calidad-768x513.jpg 768w, https:\/\/editorial.trevenque.es\/wp-content\/uploads\/2021\/06\/librerias-calidad-800x534.jpg 800w, https:\/\/editorial.trevenque.es\/wp-content\/uploads\/2021\/06\/librerias-calidad.jpg 908w\" sizes=\"auto, (max-width: 908px) 100vw, 908px\" \/><\/p>\n<p>La primera de ellas es\u00a0<a href=\"https:\/\/lavoragine.net\/\" target=\"_blank\" rel=\"noopener\">La Vor\u00e1gine<\/a> (Santander). Librer\u00eda independiente con ocho a\u00f1os de historia, su proyecto asociativo tiene como clave la <strong>cultura cr\u00edtica<\/strong>. Especializada en ensayo, tambi\u00e9n ofrece narrativa, poes\u00eda, c\u00f3mic y libro infantil.<\/p>\n<p>En el caso de <a href=\"https:\/\/www.librerialalumbre.com\/\" target=\"_blank\" rel=\"noopener\">La Lumbre<\/a> (Madrid), hablamos de una librer\u00eda con una gran selecci\u00f3n de libros de todos los g\u00e9neros, \u00faltimas novedades y cl\u00e1sicos. Es, adem\u00e1s, un establecimiento <strong>muy implicado en la vida cultural de su barrio<\/strong>, de forma que acoge en sus instalaciones exposiciones y diferentes eventos.<\/p>\n<p>Por \u00faltimo, tenemos las dos sedes de <a href=\"https:\/\/www.libreriaboticadelectores.es\/es\/\" target=\"_blank\" rel=\"noopener\">Botica de Lectores<\/a> (Sevilla). Se trata de una librer\u00eda generalista que se ha especializado en <strong>actividades culturales<\/strong>. Las presentaciones y las firmas de ejemplares se suceden en su programaci\u00f3n semanal.<\/p>\n<h3>Geslib como clave<\/h3>\n<p>Tanto a nuestras clientes como a las otras que han obtenido el Sello de Calidad -Ciento Volando (Madrid) y\u00a0Llibrer\u00eda de la Filmo (Barcelona)-, nuestra <strong>m\u00e1s sincera enhorabuena por el gran trabajo que ven\u00eds realizando<\/strong>.<\/p>\n<p>Con estas concesiones, ya son 119 las librer\u00edas que han visto reconocido con este s\u00edmbolo la calidad en su servicio. De ellas, <strong>44 utilizan a diario <a href=\"https:\/\/editorial.trevenque.es\/productos\/geslib\/\">Geslib<\/a> como su sistema de gesti\u00f3n<\/strong>. Una cifra que no es anecd\u00f3tica, si tenemos en cuenta lo que suelen manifestar nuestros clientes, en el sentido de que\u00a0Geslib les permite centrarse en lo verdaderamente importante: mejorar la calidad de sus servicios y de la atenci\u00f3n al cliente. As\u00ed que estamos orgullosos de acompa\u00f1ar a las librer\u00edas en este proceso, que tambi\u00e9n nos hace mejores a nosotros.<\/p>\n","protected":false},"excerpt":{"rendered":"<p>En Trevenque Group estamos orgullosos de las librer\u00edas con las que trabajamos. Sabemos que desarrollan un trabajo de calidad, pero de vez en cuando esa [&hellip;]<\/p>\n","protected":false},"author":14,"featured_media":2891,"comment_status":"open","ping_status":"open","sticky":false,"template":"","format":"standard","meta":{"_acf_changed":false,"footnotes":""},"categories":[],"tags":[50,81],"class_list":["post-2890","post","type-post","status-publish","format-standard","has-post-thumbnail","hentry","tag-geslib","tag-sello-de-calidad"],"acf":[],"_links":{"self":[{"href":"https:\/\/editorial.trevenque.es\/mx\/wp-json\/wp\/v2\/posts\/2890","targetHints":{"allow":["GET"]}}],"collection":[{"href":"https:\/\/editorial.trevenque.es\/mx\/wp-json\/wp\/v2\/posts"}],"about":[{"href":"https:\/\/editorial.trevenque.es\/mx\/wp-json\/wp\/v2\/types\/post"}],"author":[{"embeddable":true,"href":"https:\/\/editorial.trevenque.es\/mx\/wp-json\/wp\/v2\/users\/14"}],"replies":[{"embeddable":true,"href":"https:\/\/editorial.trevenque.es\/mx\/wp-json\/wp\/v2\/comments?post=2890"}],"version-history":[{"count":3,"href":"https:\/\/editorial.trevenque.es\/mx\/wp-json\/wp\/v2\/posts\/2890\/revisions"}],"predecessor-version":[{"id":2897,"href":"https:\/\/editorial.trevenque.es\/mx\/wp-json\/wp\/v2\/posts\/2890\/revisions\/2897"}],"wp:featuredmedia":[{"embeddable":true,"href":"https:\/\/editorial.trevenque.es\/mx\/wp-json\/wp\/v2\/media\/2891"}],"wp:attachment":[{"href":"https:\/\/editorial.trevenque.es\/mx\/wp-json\/wp\/v2\/media?parent=2890"}],"wp:term":[{"taxonomy":"category","embeddable":true,"href":"https:\/\/editorial.trevenque.es\/mx\/wp-json\/wp\/v2\/categories?post=2890"},{"taxonomy":"post_tag","embeddable":true,"href":"https:\/\/editorial.trevenque.es\/mx\/wp-json\/wp\/v2\/tags?post=2890"}],"curies":[{"name":"wp","href":"https:\/\/api.w.org\/{rel}","templated":true}]}}