{"id":2873,"date":"2021-06-15T17:29:11","date_gmt":"2021-06-15T17:29:11","guid":{"rendered":"https:\/\/editorial.trevenque.es\/?p=2873"},"modified":"2021-06-15T17:29:11","modified_gmt":"2021-06-15T17:29:11","slug":"el-retorno-de-los-eventos-presenciales-asi-sera-liber-2021","status":"publish","type":"post","link":"https:\/\/editorial.trevenque.es\/mx\/el-retorno-de-los-eventos-presenciales-asi-sera-liber-2021\/","title":{"rendered":"El retorno de los eventos presenciales: As\u00ed ser\u00e1 LIBER 2021"},"content":{"rendered":"<p>La vacunaci\u00f3n frente a la pandemia de la COVID-19 sigue progresando, y vamos recuperando algunos de nuestros h\u00e1bitos preferidos. Uno de ellos es el de la celebraci\u00f3n eventos presenciales. En el caso del sector editorial, <a href=\"https:\/\/editorial.trevenque.es\/un-dia-del-libro-de-exito-rotundo-y-ventas-duplicadas\/\">y tras la celebraci\u00f3n del D\u00eda del Libro en numerosas ciudades<\/a>, tambi\u00e9n regresan este tipo de citas, pero con un perfil m\u00e1s profesional. Y la primera ser\u00e1 <strong>LIBER 2021, que tendr\u00e1 lugar en IFEMA Madrid del 13 al 15 de octubre<\/strong>.<\/p>\n<p>Editores, autores, agentes literarios, libreros&#8230; Todos est\u00e1n llamados a participar en la 39 edici\u00f3n de este evento, que ocupar\u00e1 el pabell\u00f3n 14 del citado recinto madrile\u00f1o. Promovida por la Federaci\u00f3n de Gremios de Editores de Espa\u00f1a (FGEE), LIBER 2021 buscar\u00e1, m\u00e1s que nunca, ayudar a la <strong>internacionalizaci\u00f3n del sector del libro en espa\u00f1ol<\/strong>.<\/p>\n<h3>Programas y zonas<\/h3>\n<p>Por ello, pondr\u00e1n en marcha un Programa de Compradores. Con \u00e9l, intentar\u00e1n traer a IFEMA a\u00a0unos <strong>640 libreros, distribuidores y bibliotecarios procedentes de 70 pa\u00edses<\/strong> e interesados en adquirir libros espa\u00f1oles. Tambi\u00e9n con el mismo objetivo, el <strong>Programa de Prescriptores de Inter\u00e9s Prioritario<\/strong> invitar\u00e1 a 70 profesionales del libro. Provenientes de 23 pa\u00edses, destacan por su prescripci\u00f3n para la compra de libros espa\u00f1oles.<\/p>\n<p>Otro agente fundamental en la industria del libro es, claro est\u00e1, el que engloba a los escritores. Y a ellos dar\u00e1 respuesta LIBER 2021 con una <strong>Zona del Autor<\/strong> en la que\u00a0autores independientes podr\u00e1n conocer m\u00e1s en torno a las posibilidades que la autoedici\u00f3n les ofrece. Adem\u00e1s, <strong>MicroLiber<\/strong> se dirigir\u00e1 a\u00a0peque\u00f1os editores, emprendedores y start-ups. \u00bfCon qu\u00e9 objetivo? Facilitarles el contacto con los compradores y visitantes de una forma \u00e1gil y econ\u00f3mica.<\/p>\n<p><img loading=\"lazy\" decoding=\"async\" class=\"alignnone size-full wp-image-2874\" src=\"https:\/\/editorial.trevenque.es\/wp-content\/uploads\/2021\/06\/liber-2021.jpg\" alt=\"El retorno de los eventos presenciales: As\u00ed ser\u00e1 LIBER 2021\" width=\"691\" height=\"691\" srcset=\"https:\/\/editorial.trevenque.es\/wp-content\/uploads\/2021\/06\/liber-2021-66x66.jpg 66w, https:\/\/editorial.trevenque.es\/wp-content\/uploads\/2021\/06\/liber-2021-150x150.jpg 150w, https:\/\/editorial.trevenque.es\/wp-content\/uploads\/2021\/06\/liber-2021-200x200.jpg 200w, https:\/\/editorial.trevenque.es\/wp-content\/uploads\/2021\/06\/liber-2021-300x300.jpg 300w, https:\/\/editorial.trevenque.es\/wp-content\/uploads\/2021\/06\/liber-2021-400x400.jpg 400w, https:\/\/editorial.trevenque.es\/wp-content\/uploads\/2021\/06\/liber-2021-600x600.jpg 600w, https:\/\/editorial.trevenque.es\/wp-content\/uploads\/2021\/06\/liber-2021.jpg 691w\" sizes=\"auto, (max-width: 691px) 100vw, 691px\" \/><\/p>\n<p>Por otra parte, \u00e9sta es la imagen que ha elegido LIBER 2021 para ilustrar su encuentro de octubre. Elaborada por\u00a0<strong>Irene Blasco<\/strong>, en ella refleja la conexi\u00f3n entre libro y lectora, dentro de un mismo universo. Una pasi\u00f3n por el mundo editorial que se pondr\u00e1 de manifiesto entre el 13 y el 15 de octubre en Madrid. \u00a1All\u00ed nos veremos!<\/p>\n<p>&nbsp;<\/p>\n","protected":false},"excerpt":{"rendered":"<p>La vacunaci\u00f3n frente a la pandemia de la COVID-19 sigue progresando, y vamos recuperando algunos de nuestros h\u00e1bitos preferidos. Uno de ellos es el de [&hellip;]<\/p>\n","protected":false},"author":14,"featured_media":2874,"comment_status":"open","ping_status":"open","sticky":false,"template":"","format":"standard","meta":{"_acf_changed":false,"footnotes":""},"categories":[],"tags":[58,80],"class_list":["post-2873","post","type-post","status-publish","format-standard","has-post-thumbnail","hentry","tag-editoriales","tag-liber"],"acf":[],"_links":{"self":[{"href":"https:\/\/editorial.trevenque.es\/mx\/wp-json\/wp\/v2\/posts\/2873","targetHints":{"allow":["GET"]}}],"collection":[{"href":"https:\/\/editorial.trevenque.es\/mx\/wp-json\/wp\/v2\/posts"}],"about":[{"href":"https:\/\/editorial.trevenque.es\/mx\/wp-json\/wp\/v2\/types\/post"}],"author":[{"embeddable":true,"href":"https:\/\/editorial.trevenque.es\/mx\/wp-json\/wp\/v2\/users\/14"}],"replies":[{"embeddable":true,"href":"https:\/\/editorial.trevenque.es\/mx\/wp-json\/wp\/v2\/comments?post=2873"}],"version-history":[{"count":1,"href":"https:\/\/editorial.trevenque.es\/mx\/wp-json\/wp\/v2\/posts\/2873\/revisions"}],"predecessor-version":[{"id":2885,"href":"https:\/\/editorial.trevenque.es\/mx\/wp-json\/wp\/v2\/posts\/2873\/revisions\/2885"}],"wp:featuredmedia":[{"embeddable":true,"href":"https:\/\/editorial.trevenque.es\/mx\/wp-json\/wp\/v2\/media\/2874"}],"wp:attachment":[{"href":"https:\/\/editorial.trevenque.es\/mx\/wp-json\/wp\/v2\/media?parent=2873"}],"wp:term":[{"taxonomy":"category","embeddable":true,"href":"https:\/\/editorial.trevenque.es\/mx\/wp-json\/wp\/v2\/categories?post=2873"},{"taxonomy":"post_tag","embeddable":true,"href":"https:\/\/editorial.trevenque.es\/mx\/wp-json\/wp\/v2\/tags?post=2873"}],"curies":[{"name":"wp","href":"https:\/\/api.w.org\/{rel}","templated":true}]}}