{"id":2868,"date":"2021-06-08T16:53:34","date_gmt":"2021-06-08T16:53:34","guid":{"rendered":"https:\/\/editorial.trevenque.es\/?p=2868"},"modified":"2021-06-08T16:53:34","modified_gmt":"2021-06-08T16:53:34","slug":"la-libreria-proteo-recibe-una-ola-de-solidaridad-tras-el-incendio-en-sus-instalaciones","status":"publish","type":"post","link":"https:\/\/editorial.trevenque.es\/mx\/la-libreria-proteo-recibe-una-ola-de-solidaridad-tras-el-incendio-en-sus-instalaciones\/","title":{"rendered":"La Librer\u00eda Proteo recibe una ola de solidaridad tras el incendio en sus instalaciones"},"content":{"rendered":"<p>Hace poco m\u00e1s de un mes, el pasado 6 de mayo, se produjo <a href=\"https:\/\/www.publishnews.es\/materias\/2021\/05\/11\/autores-y-librerias-de-toda-espana-se-movilizan-para-ayudar-a-la-libreria-proteo\" target=\"_blank\" rel=\"noopener\">un incendio en la <strong>Librer\u00eda Proteo<\/strong><\/a>. Aquello supuso la p\u00e9rdida de unos 50.000 ejemplares y gener\u00f3 una situaci\u00f3n cr\u00edtica para este establecimiento. Hablamos de una de las referencias culturales de la ciudad de M\u00e1laga y, por extensi\u00f3n, de Andaluc\u00eda. Tambi\u00e9n es, por supuesto, uno de nuestros clientes con mayor solera. As\u00ed que, como todos los que estamos a su alrededor, hemos ido pasando de la preocupaci\u00f3n por la situaci\u00f3n de la Librer\u00eda Proteo a un moderado optimismo respecto a \u00e9sta.<\/p>\n<p><img loading=\"lazy\" decoding=\"async\" class=\"alignnone size-full wp-image-2869\" src=\"https:\/\/editorial.trevenque.es\/wp-content\/uploads\/2021\/06\/libreria-proteo.jpg\" alt=\"La Librer\u00eda Proteo recibe una ola de solidaridad tras el incendio en sus instalaciones\" width=\"1920\" height=\"750\" srcset=\"https:\/\/editorial.trevenque.es\/wp-content\/uploads\/2021\/06\/libreria-proteo-200x78.jpg 200w, https:\/\/editorial.trevenque.es\/wp-content\/uploads\/2021\/06\/libreria-proteo-300x117.jpg 300w, https:\/\/editorial.trevenque.es\/wp-content\/uploads\/2021\/06\/libreria-proteo-400x156.jpg 400w, https:\/\/editorial.trevenque.es\/wp-content\/uploads\/2021\/06\/libreria-proteo-600x234.jpg 600w, https:\/\/editorial.trevenque.es\/wp-content\/uploads\/2021\/06\/libreria-proteo-768x300.jpg 768w, https:\/\/editorial.trevenque.es\/wp-content\/uploads\/2021\/06\/libreria-proteo-800x313.jpg 800w, https:\/\/editorial.trevenque.es\/wp-content\/uploads\/2021\/06\/libreria-proteo-1024x400.jpg 1024w, https:\/\/editorial.trevenque.es\/wp-content\/uploads\/2021\/06\/libreria-proteo-1200x469.jpg 1200w, https:\/\/editorial.trevenque.es\/wp-content\/uploads\/2021\/06\/libreria-proteo.jpg 1720w\" sizes=\"auto, (max-width: 1920px) 100vw, 1920px\" \/><\/p>\n<p>Porque, tras el incendio, lo que han recibido en esta librer\u00eda es una ola de solidaridad. El hashtag <strong>#TodosConProteo<\/strong> no se ha quedado en un mero postureo. Por ejemplo, la Editorial Genal, muy vinculada a Proteo, ha decidido cederle todos los derechos de autor para que pueda remontar. Una de las autoras que m\u00e1s est\u00e1 vendiendo en estos momentos, Mar\u00eda Due\u00f1as, firm\u00f3 ejemplares de su &#8216;Sira&#8217; en la puerta de la librer\u00eda apenas una semana despu\u00e9s del fuego. Lo mismo har\u00e1 Rosa Montero el pr\u00f3ximo viernes 11 con su novela &#8216;La buena suerte&#8217;.<\/p>\n<h3>Instituciones y aportaciones<\/h3>\n<p>Desde el \u00e1mbito institucional, tambi\u00e9n se ha producido una reacci\u00f3n que va m\u00e1s all\u00e1 de las buenas palabras. Por ejemplo, el alcalde de M\u00e1laga, Francisco de la Torre, ha prometido que va a <a href=\"https:\/\/www.publishnews.es\/materias\/2021\/05\/25\/el-ayuntamiento-de-malaga-cedera-un-local-a-la-libreria-proteo-durante-su-reconstruccion?mc_cid=fd2c6ad86a&amp;mc_eid=a9d61f426b\" target=\"_blank\" rel=\"noopener\">ceder un local a los responsables de Librer\u00eda Proteo mientras reconstruyen el suyo<\/a>. Tambi\u00e9n ha anunciado que ayudar\u00e1n a <strong>rehabilitar el edificio da\u00f1ado tras el fuego<\/strong>. Desde la Diputaci\u00f3n de M\u00e1laga, la colaboraci\u00f3n llega en forma de libros. <a href=\"https:\/\/www.europapress.es\/andalucia\/malaga-00356\/noticia-diputacion-apoyara-libreria-proteo-compra-libros-bibliotecas-publicas-municipios-pequenos-20210514130454.html\" target=\"_blank\" rel=\"noopener\">Ejemplares que comprar\u00e1n a Proteo y que ir\u00e1n a parar a las bibliotecas de peque\u00f1os municipios<\/a>.<\/p>\n<p>\u00bfY qu\u00e9 podemos hacer los dem\u00e1s? Pues tambi\u00e9n podemos <strong>adquirir libros de Proteo en <a href=\"https:\/\/www.libreriaproteo.com\/\" target=\"_blank\" rel=\"noopener\">su p\u00e1gina web<\/a><\/strong>. Por cierto, esta librer\u00eda tambi\u00e9n forma parte de la plataforma <a href=\"https:\/\/www.todostuslibros.com\/\" target=\"_blank\" rel=\"noopener\">TodosTusLibros<\/a> &#8211;<a href=\"https:\/\/editorial.trevenque.es\/grupo-trevenque-aporta-la-infraestructura-tecnologica-para-la-nueva-plataforma-de-comercio-electronico-de-todostuslibros-com\/\">proyecto en el que colaboramos desde Trevenque Group<\/a>-, as\u00ed que \u00e9sa es otra v\u00eda para comprarles ejemplares. Y quedan las donaciones, que se pueden realizar en el n\u00famero de cuenta que aparece en la imagen de arriba. Diversas v\u00edas para demostrar que, en efecto, estamos #TodosConProteo.<\/p>\n","protected":false},"excerpt":{"rendered":"<p>Hace poco m\u00e1s de un mes, el pasado 6 de mayo, se produjo un incendio en la Librer\u00eda Proteo. Aquello supuso la p\u00e9rdida de unos [&hellip;]<\/p>\n","protected":false},"author":14,"featured_media":2869,"comment_status":"open","ping_status":"open","sticky":false,"template":"","format":"standard","meta":{"_acf_changed":false,"footnotes":""},"categories":[],"tags":[47],"class_list":["post-2868","post","type-post","status-publish","format-standard","has-post-thumbnail","hentry","tag-librerias"],"acf":[],"_links":{"self":[{"href":"https:\/\/editorial.trevenque.es\/mx\/wp-json\/wp\/v2\/posts\/2868","targetHints":{"allow":["GET"]}}],"collection":[{"href":"https:\/\/editorial.trevenque.es\/mx\/wp-json\/wp\/v2\/posts"}],"about":[{"href":"https:\/\/editorial.trevenque.es\/mx\/wp-json\/wp\/v2\/types\/post"}],"author":[{"embeddable":true,"href":"https:\/\/editorial.trevenque.es\/mx\/wp-json\/wp\/v2\/users\/14"}],"replies":[{"embeddable":true,"href":"https:\/\/editorial.trevenque.es\/mx\/wp-json\/wp\/v2\/comments?post=2868"}],"version-history":[{"count":1,"href":"https:\/\/editorial.trevenque.es\/mx\/wp-json\/wp\/v2\/posts\/2868\/revisions"}],"predecessor-version":[{"id":2871,"href":"https:\/\/editorial.trevenque.es\/mx\/wp-json\/wp\/v2\/posts\/2868\/revisions\/2871"}],"wp:featuredmedia":[{"embeddable":true,"href":"https:\/\/editorial.trevenque.es\/mx\/wp-json\/wp\/v2\/media\/2869"}],"wp:attachment":[{"href":"https:\/\/editorial.trevenque.es\/mx\/wp-json\/wp\/v2\/media?parent=2868"}],"wp:term":[{"taxonomy":"category","embeddable":true,"href":"https:\/\/editorial.trevenque.es\/mx\/wp-json\/wp\/v2\/categories?post=2868"},{"taxonomy":"post_tag","embeddable":true,"href":"https:\/\/editorial.trevenque.es\/mx\/wp-json\/wp\/v2\/tags?post=2868"}],"curies":[{"name":"wp","href":"https:\/\/api.w.org\/{rel}","templated":true}]}}