{"id":2864,"date":"2021-06-07T17:09:07","date_gmt":"2021-06-07T17:09:07","guid":{"rendered":"https:\/\/editorial.trevenque.es\/?p=2864"},"modified":"2021-06-07T17:09:07","modified_gmt":"2021-06-07T17:09:07","slug":"la-une-tiene-nuevo-medio-de-comunicacion-unelibros-blog","status":"publish","type":"post","link":"https:\/\/editorial.trevenque.es\/mx\/la-une-tiene-nuevo-medio-de-comunicacion-unelibros-blog\/","title":{"rendered":"La UNE tiene nuevo medio de comunicaci\u00f3n: Unelibros Blog"},"content":{"rendered":"<p>Desde hace poco m\u00e1s de un mes, podemos decir que hay un nuevo medio de comunicaci\u00f3n en el sector editorial. Y no es uno cualquiera, porque es el de la <strong>Uni\u00f3n de Editoriales Universitarias Espa\u00f1olas (UNE)<\/strong>. En efecto, la revista Unelibros deja de editarse en su formato impreso y pasa a ser el medio digital <a href=\"https:\/\/unelibros.une.es\/\" target=\"_blank\" rel=\"noopener\"><strong>Unelibros Blog<\/strong><\/a>.<\/p>\n<p><img loading=\"lazy\" decoding=\"async\" class=\"alignnone size-full wp-image-2865\" src=\"https:\/\/editorial.trevenque.es\/wp-content\/uploads\/2021\/06\/unelibros-blog.jpg\" alt=\"La UNE tiene nuevo medio de comunicaci\u00f3n: Unelibros Blog\" width=\"1180\" height=\"573\" srcset=\"https:\/\/editorial.trevenque.es\/wp-content\/uploads\/2021\/06\/unelibros-blog-200x97.jpg 200w, https:\/\/editorial.trevenque.es\/wp-content\/uploads\/2021\/06\/unelibros-blog-300x146.jpg 300w, https:\/\/editorial.trevenque.es\/wp-content\/uploads\/2021\/06\/unelibros-blog-400x194.jpg 400w, https:\/\/editorial.trevenque.es\/wp-content\/uploads\/2021\/06\/unelibros-blog-600x291.jpg 600w, https:\/\/editorial.trevenque.es\/wp-content\/uploads\/2021\/06\/unelibros-blog-768x373.jpg 768w, https:\/\/editorial.trevenque.es\/wp-content\/uploads\/2021\/06\/unelibros-blog-800x388.jpg 800w, https:\/\/editorial.trevenque.es\/wp-content\/uploads\/2021\/06\/unelibros-blog-1024x497.jpg 1024w, https:\/\/editorial.trevenque.es\/wp-content\/uploads\/2021\/06\/unelibros-blog.jpg 1180w\" sizes=\"auto, (max-width: 1180px) 100vw, 1180px\" \/><\/p>\n<p>\u00bfQu\u00e9 contenidos est\u00e1 mostrando esta p\u00e1gina desde su creaci\u00f3n? En esencia, y desde diferentes perspectivas, en Unelibros Blog se analiza c\u00f3mo es el trabajo dentro de los editoriales universitarias. As\u00ed, por ejemplo, en la secci\u00f3n &#8216;<strong>El oficio del editor<\/strong>&#8216; se tratan distintas cuestiones relacionadas con el proceso de publicaci\u00f3n y difusi\u00f3n del libro acad\u00e9mico. Esto abarca materias como la t\u00e9cnica editorial, la edici\u00f3n digital, el acceso abierto, la producci\u00f3n, el marketing o la distribuci\u00f3n.<\/p>\n<h3>Secciones<\/h3>\n<p>Por otra parte, en &#8216;<strong>La tercera misi\u00f3n<\/strong>&#8216; se habla de la transferencia a la sociedad del conocimiento que se genera en los campus universitarios. \u00c9sa es la tercera misi\u00f3n de las universidades, una labor en la que cumplen un papel clave las editoriales. Ya en la secci\u00f3n &#8216;<strong>Otras perspectivas<\/strong>&#8216;, se intenta ampliar el \u00e1ngulo de visi\u00f3n en torno a la cadena de libros. Aqu\u00ed se tratan los retos presentes y futuros a los que se enfrenta un sector en constante cambio, como el editorial.<\/p>\n<p>Y del panorama general, a los propios libros. A las historias que en ellos se cuentan y a las que hay detr\u00e1s de su elaboraci\u00f3n. Por eso, en &#8216;<strong>Un libro, una historia<\/strong>&#8216; se encuentran los relatos que narran la creaci\u00f3n de algunas obras. Por \u00faltimo, en un medio bautizado como &#8216;Unelibros Blog&#8217; no pod\u00eda faltar una secci\u00f3n como &#8216;<strong>Lo que nos une<\/strong>&#8216;. En ella se re\u00fanen los aspectos comunes a diferentes actores de la edici\u00f3n acad\u00e9mica como editores, editoriales, investigadores e historiadores.<\/p>\n<p>Desde aqu\u00ed le deseamos mucha suerte a este medio y esperamos que contin\u00fae con el alto nivel de calidad de su revista predecesora.<\/p>\n","protected":false},"excerpt":{"rendered":"<p>Desde hace poco m\u00e1s de un mes, podemos decir que hay un nuevo medio de comunicaci\u00f3n en el sector editorial. Y no es uno cualquiera, [&hellip;]<\/p>\n","protected":false},"author":14,"featured_media":2865,"comment_status":"open","ping_status":"open","sticky":false,"template":"","format":"standard","meta":{"_acf_changed":false,"footnotes":""},"categories":[],"tags":[58],"class_list":["post-2864","post","type-post","status-publish","format-standard","has-post-thumbnail","hentry","tag-editoriales"],"acf":[],"_links":{"self":[{"href":"https:\/\/editorial.trevenque.es\/mx\/wp-json\/wp\/v2\/posts\/2864","targetHints":{"allow":["GET"]}}],"collection":[{"href":"https:\/\/editorial.trevenque.es\/mx\/wp-json\/wp\/v2\/posts"}],"about":[{"href":"https:\/\/editorial.trevenque.es\/mx\/wp-json\/wp\/v2\/types\/post"}],"author":[{"embeddable":true,"href":"https:\/\/editorial.trevenque.es\/mx\/wp-json\/wp\/v2\/users\/14"}],"replies":[{"embeddable":true,"href":"https:\/\/editorial.trevenque.es\/mx\/wp-json\/wp\/v2\/comments?post=2864"}],"version-history":[{"count":1,"href":"https:\/\/editorial.trevenque.es\/mx\/wp-json\/wp\/v2\/posts\/2864\/revisions"}],"predecessor-version":[{"id":2867,"href":"https:\/\/editorial.trevenque.es\/mx\/wp-json\/wp\/v2\/posts\/2864\/revisions\/2867"}],"wp:featuredmedia":[{"embeddable":true,"href":"https:\/\/editorial.trevenque.es\/mx\/wp-json\/wp\/v2\/media\/2865"}],"wp:attachment":[{"href":"https:\/\/editorial.trevenque.es\/mx\/wp-json\/wp\/v2\/media?parent=2864"}],"wp:term":[{"taxonomy":"category","embeddable":true,"href":"https:\/\/editorial.trevenque.es\/mx\/wp-json\/wp\/v2\/categories?post=2864"},{"taxonomy":"post_tag","embeddable":true,"href":"https:\/\/editorial.trevenque.es\/mx\/wp-json\/wp\/v2\/tags?post=2864"}],"curies":[{"name":"wp","href":"https:\/\/api.w.org\/{rel}","templated":true}]}}