{"id":2829,"date":"2021-06-01T17:28:10","date_gmt":"2021-06-01T17:28:10","guid":{"rendered":"https:\/\/editorial.trevenque.es\/?p=2829"},"modified":"2021-06-01T17:28:10","modified_gmt":"2021-06-01T17:28:10","slug":"webedi-lanza-nuevo-video-de-presentacion-asi-es-la-mejor-plataforma-web-para-editoriales","status":"publish","type":"post","link":"https:\/\/editorial.trevenque.es\/mx\/webedi-lanza-nuevo-video-de-presentacion-asi-es-la-mejor-plataforma-web-para-editoriales\/","title":{"rendered":"\u00a1Webedi lanza nuevo v\u00eddeo de presentaci\u00f3n! As\u00ed es la mejor plataforma web para editoriales"},"content":{"rendered":"<p><a href=\"https:\/\/editorial.trevenque.es\/productos\/webedi\/\">Webedi<\/a>, la <strong>\u00fanica plataforma web creada espec\u00edficamente para editoriales<\/strong>, acaba de lanzar un v\u00eddeo de presentaci\u00f3n. En \u00e9l, se narran las caracter\u00edsticas que la convierten en el veh\u00edculo m\u00e1s id\u00f3neo para que este tipo de negocios alcancen a un p\u00fablico global. Durante los dos minutos que dura el v\u00eddeo, se explica c\u00f3mo Webedi se adapta a todo tipo de editoriales. As\u00ed, no importa su tama\u00f1o o si son especializadas o generalistas. La clave radica en que esta plataforma se puede configurar seg\u00fan las necesidades m\u00e1s particulares.<\/p>\n<div class=\"video-shortcode\"><iframe loading=\"lazy\" width=\"1140\" height=\"641\" src=\"https:\/\/www.youtube.com\/embed\/dyCOXW_6VUY?feature=oembed\" frameborder=\"0\" allow=\"accelerometer; autoplay; clipboard-write; encrypted-media; gyroscope; picture-in-picture\" allowfullscreen><\/iframe><\/div>\n<p>Como se relata en el v\u00eddeo mediante unas sencillas animaciones, <strong>con Webedi solo se paga por los m\u00f3dulos que se contratan<\/strong>. As\u00ed, es el equipo de Trevenque Group el que se encarga de realizar todo lo dem\u00e1s. \u00bfQu\u00e9 abarca eso? Entre otros aspectos, la instalaci\u00f3n, el dise\u00f1o de la p\u00e1gina, la configuraci\u00f3n, el traspaso de los datos y la formaci\u00f3n al cliente. Este \u00faltimo aspecto es fundamental para que la editorial en cuesti\u00f3n pueda sacar el m\u00e1ximo rendimiento a su nueva web desde el primer minuto.<\/p>\n<h3>Ventas por todo el mundo<\/h3>\n<p>Desde las diferentes ediciones de un libro a la biograf\u00eda de un autor espec\u00edfico, todo se puede gestionar mediante Webedi. Para el lanzamiento de un nuevo t\u00edtulo, en la editorial lo tienen muy sencillo. De hecho,\u00a0<strong>pueden crear una web personalizada sobre \u00e9ste en apenas 15 minutos<\/strong>, incluso sin tener conocimiento de programaci\u00f3n. Por otra parte, esta plataforma se caracteriza adem\u00e1s por c\u00f3mo se adapta a cualquier tipo de modalidad de venta. As\u00ed, las editoriales pueden ofrecer as\u00ed a sus clientes el pago con tarjeta, contra reembolso, transferencia y PayPal.<\/p>\n<p>Por todo ello, <strong>editoriales de Espa\u00f1a, M\u00e9xico, Argentina o Colombia<\/strong> ya han apostado por Webedi, que, adem\u00e1s, se integra con el sistema de gesti\u00f3n para editoriales <a href=\"https:\/\/editorial.trevenque.es\/productos\/gesedi\/\">Gesedi<\/a>, lo que facilita enormemente el trabajo diario. Y todo, con la garant\u00eda de disponer, ante cualquier duda o incidencia, del equipo de Trevenque Group, compa\u00f1\u00eda con casi 30 a\u00f1os de experiencia en el sector editorial.<\/p>\n","protected":false},"excerpt":{"rendered":"<p>Webedi, la \u00fanica plataforma web creada espec\u00edficamente para editoriales, acaba de lanzar un v\u00eddeo de presentaci\u00f3n. En \u00e9l, se narran las caracter\u00edsticas que la convierten [&hellip;]<\/p>\n","protected":false},"author":14,"featured_media":2830,"comment_status":"open","ping_status":"open","sticky":false,"template":"","format":"standard","meta":{"_acf_changed":false,"footnotes":""},"categories":[],"tags":[76,58,63],"class_list":["post-2829","post","type-post","status-publish","format-standard","has-post-thumbnail","hentry","tag-distribuidores","tag-editoriales","tag-webedi"],"acf":[],"_links":{"self":[{"href":"https:\/\/editorial.trevenque.es\/mx\/wp-json\/wp\/v2\/posts\/2829","targetHints":{"allow":["GET"]}}],"collection":[{"href":"https:\/\/editorial.trevenque.es\/mx\/wp-json\/wp\/v2\/posts"}],"about":[{"href":"https:\/\/editorial.trevenque.es\/mx\/wp-json\/wp\/v2\/types\/post"}],"author":[{"embeddable":true,"href":"https:\/\/editorial.trevenque.es\/mx\/wp-json\/wp\/v2\/users\/14"}],"replies":[{"embeddable":true,"href":"https:\/\/editorial.trevenque.es\/mx\/wp-json\/wp\/v2\/comments?post=2829"}],"version-history":[{"count":2,"href":"https:\/\/editorial.trevenque.es\/mx\/wp-json\/wp\/v2\/posts\/2829\/revisions"}],"predecessor-version":[{"id":2863,"href":"https:\/\/editorial.trevenque.es\/mx\/wp-json\/wp\/v2\/posts\/2829\/revisions\/2863"}],"wp:featuredmedia":[{"embeddable":true,"href":"https:\/\/editorial.trevenque.es\/mx\/wp-json\/wp\/v2\/media\/2830"}],"wp:attachment":[{"href":"https:\/\/editorial.trevenque.es\/mx\/wp-json\/wp\/v2\/media?parent=2829"}],"wp:term":[{"taxonomy":"category","embeddable":true,"href":"https:\/\/editorial.trevenque.es\/mx\/wp-json\/wp\/v2\/categories?post=2829"},{"taxonomy":"post_tag","embeddable":true,"href":"https:\/\/editorial.trevenque.es\/mx\/wp-json\/wp\/v2\/tags?post=2829"}],"curies":[{"name":"wp","href":"https:\/\/api.w.org\/{rel}","templated":true}]}}