{"id":2824,"date":"2021-05-07T11:25:29","date_gmt":"2021-05-07T11:25:29","guid":{"rendered":"https:\/\/editorial.trevenque.es\/?p=2824"},"modified":"2021-05-07T11:26:31","modified_gmt":"2021-05-07T11:26:31","slug":"un-dia-del-libro-de-exito-rotundo-y-ventas-duplicadas","status":"publish","type":"post","link":"https:\/\/editorial.trevenque.es\/mx\/un-dia-del-libro-de-exito-rotundo-y-ventas-duplicadas\/","title":{"rendered":"Un D\u00eda del Libro de \u00e9xito rotundo y ventas duplicadas"},"content":{"rendered":"<p>El D\u00eda del Libro ha supuesto un aut\u00e9ntico <strong>subid\u00f3n de optimismo para el sector editorial<\/strong>. Tras su imposible celebraci\u00f3n en 2020, los datos de este a\u00f1o han mejorado los del 23 de abril de 2019. Hasta el punto de que, <a href=\"https:\/\/www.eldiario.es\/cultura\/librerias-espana-barcelonizan-duplican-ventas-dia-libro_1_7871551.html\" target=\"_blank\" rel=\"noopener\">como se cuenta aqu\u00ed<\/a>,\u00a0el comercio que menos ha crecido ha sumado un 30% m\u00e1s de la caja que obtuvo hace justo dos a\u00f1os.<\/p>\n<p><img loading=\"lazy\" decoding=\"async\" class=\"alignnone size-full wp-image-2825\" src=\"https:\/\/editorial.trevenque.es\/wp-content\/uploads\/2021\/05\/compra-libro.jpg\" alt=\"Un D\u00eda del Libro de \u00e9xito rotundo y ventas duplicadas\" width=\"960\" height=\"606\" srcset=\"https:\/\/editorial.trevenque.es\/wp-content\/uploads\/2021\/05\/compra-libro-200x126.jpg 200w, https:\/\/editorial.trevenque.es\/wp-content\/uploads\/2021\/05\/compra-libro-300x189.jpg 300w, https:\/\/editorial.trevenque.es\/wp-content\/uploads\/2021\/05\/compra-libro-320x202.jpg 320w, https:\/\/editorial.trevenque.es\/wp-content\/uploads\/2021\/05\/compra-libro-400x253.jpg 400w, https:\/\/editorial.trevenque.es\/wp-content\/uploads\/2021\/05\/compra-libro-600x379.jpg 600w, https:\/\/editorial.trevenque.es\/wp-content\/uploads\/2021\/05\/compra-libro-700x441.jpg 700w, https:\/\/editorial.trevenque.es\/wp-content\/uploads\/2021\/05\/compra-libro-768x485.jpg 768w, https:\/\/editorial.trevenque.es\/wp-content\/uploads\/2021\/05\/compra-libro-800x505.jpg 800w, https:\/\/editorial.trevenque.es\/wp-content\/uploads\/2021\/05\/compra-libro.jpg 960w\" sizes=\"auto, (max-width: 960px) 100vw, 960px\" \/><\/p>\n<p>Tradicionalmente, ha sido en Catalu\u00f1a, <a href=\"https:\/\/editorial.trevenque.es\/sant-jordi-2021-tres-dias-de-celebracion-y-puestos-en-la-calle\/\">al celebrarse Sant Jordi<\/a>, donde siempre se han producido m\u00e1s ventas que en el resto de Espa\u00f1a en el D\u00eda del Libro. Una vez m\u00e1s, as\u00ed ha ocurrido en este 2021. De hecho, <a href=\"https:\/\/www.publishnews.es\/materias\/2021\/04\/26\/las-ventas-de-libros-por-sant-jordi-en-cataluna-superan-el-millon-de-ejemplares\" target=\"_blank\" rel=\"noopener\">los c\u00e1lculos de la Cambra del Llibre de Catalunya apuntan a haber superado la cifra de <strong>un mill\u00f3n de libros vendidos<\/strong><\/a>. En concreto, seg\u00fan el Gremi de Llibreters las ventas fueron en torno a un 75 % de las generadas en 2019. Son unas cifras muy buenas, por encima del 60% que era el objetivo inicial.<\/p>\n<h3>Gran primer trimestre<\/h3>\n<p>La gran novedad ha ocurrido en el resto del pa\u00eds. El D\u00eda del Libro ha tra\u00eddo un <strong>fin de semana de ventas disparadas que apuntalan el buen arranque de 2021<\/strong>. Seg\u00fan CEGAL, las librer\u00edas hab\u00edan cerrado el primer trimestre de 2021 con ventas superiores a los 87 millones de euros. Esto supera los datos registrados en 2020 (78 millones) y 2019 (85 millones). A ello se suma el fin de semana del 23 de abril. En esos d\u00edas, <strong>se han duplicado las ventas respecto a hace un par de a\u00f1os<\/strong>.<\/p>\n<p><strong>\u00bfY qu\u00e9 libros han sido los m\u00e1s demandados?<\/strong>\u00a0El m\u00e1s vendido, &#8220;Sira&#8221; (Editorial Planeta), de Mari\u0301a Duen\u0303as, que sigue ostentando esa condici\u00f3n casi dos semanas despu\u00e9s. Adem\u00e1s, entre los m\u00e1s destacados figuran obras de escritores muy relevantes. Entre ellos, Javier Cercas, con &#8220;Independencia&#8221; (Tusquets Editores), o Eduardo Mendoza y su &#8220;Transbordo en Mosc\u00fa&#8221; (Seix Barral). En definitiva, por fin unos buenos datos de ventas tras el D\u00eda del Libro que traen esperanza para el mundillo editorial.<\/p>\n","protected":false},"excerpt":{"rendered":"<p>El D\u00eda del Libro ha supuesto un aut\u00e9ntico subid\u00f3n de optimismo para el sector editorial. Tras su imposible celebraci\u00f3n en 2020, los datos de este [&hellip;]<\/p>\n","protected":false},"author":14,"featured_media":2825,"comment_status":"open","ping_status":"open","sticky":false,"template":"","format":"standard","meta":{"_acf_changed":false,"footnotes":""},"categories":[],"tags":[55,75,47],"class_list":["post-2824","post","type-post","status-publish","format-standard","has-post-thumbnail","hentry","tag-dia-del-libro","tag-feria-del-libro","tag-librerias"],"acf":[],"_links":{"self":[{"href":"https:\/\/editorial.trevenque.es\/mx\/wp-json\/wp\/v2\/posts\/2824","targetHints":{"allow":["GET"]}}],"collection":[{"href":"https:\/\/editorial.trevenque.es\/mx\/wp-json\/wp\/v2\/posts"}],"about":[{"href":"https:\/\/editorial.trevenque.es\/mx\/wp-json\/wp\/v2\/types\/post"}],"author":[{"embeddable":true,"href":"https:\/\/editorial.trevenque.es\/mx\/wp-json\/wp\/v2\/users\/14"}],"replies":[{"embeddable":true,"href":"https:\/\/editorial.trevenque.es\/mx\/wp-json\/wp\/v2\/comments?post=2824"}],"version-history":[{"count":2,"href":"https:\/\/editorial.trevenque.es\/mx\/wp-json\/wp\/v2\/posts\/2824\/revisions"}],"predecessor-version":[{"id":2828,"href":"https:\/\/editorial.trevenque.es\/mx\/wp-json\/wp\/v2\/posts\/2824\/revisions\/2828"}],"wp:featuredmedia":[{"embeddable":true,"href":"https:\/\/editorial.trevenque.es\/mx\/wp-json\/wp\/v2\/media\/2825"}],"wp:attachment":[{"href":"https:\/\/editorial.trevenque.es\/mx\/wp-json\/wp\/v2\/media?parent=2824"}],"wp:term":[{"taxonomy":"category","embeddable":true,"href":"https:\/\/editorial.trevenque.es\/mx\/wp-json\/wp\/v2\/categories?post=2824"},{"taxonomy":"post_tag","embeddable":true,"href":"https:\/\/editorial.trevenque.es\/mx\/wp-json\/wp\/v2\/tags?post=2824"}],"curies":[{"name":"wp","href":"https:\/\/api.w.org\/{rel}","templated":true}]}}