{"id":2816,"date":"2021-05-06T12:11:29","date_gmt":"2021-05-06T12:11:29","guid":{"rendered":"https:\/\/editorial.trevenque.es\/?p=2816"},"modified":"2021-05-07T09:26:34","modified_gmt":"2021-05-07T09:26:34","slug":"nubeocho-ediciones-se-adentra-con-tekis-en-el-mundo-del-comic","status":"publish","type":"post","link":"https:\/\/editorial.trevenque.es\/mx\/nubeocho-ediciones-se-adentra-con-tekis-en-el-mundo-del-comic\/","title":{"rendered":"NubeOcho Ediciones se adentra con Tekis en el mundo del c\u00f3mic"},"content":{"rendered":"<p>La valent\u00eda es uno de los rasgos esenciales de <strong>NubeOcho Ediciones<\/strong>. Lo decimos, por ejemplo, por el <a href=\"https:\/\/editorial.trevenque.es\/la-vii-edicion-del-premio-literario-infantil-narrating-equality-abierta\/\">Premio Literario Infantil Narrating Equality<\/a> en el que participan. Pero tambi\u00e9n por otras decisiones que toman y que explican que esta editorial se haya convertido en una referencia nacional de la literatura infantil. La \u00faltima ha sido el anuncio de su nueva colecci\u00f3n C\u00f3mic, con la que se adentran en el mundo de las vi\u00f1etas. Y el primer producto de esta colecci\u00f3n es Tekis.<\/p>\n<p><img loading=\"lazy\" decoding=\"async\" class=\"alignnone size-medium wp-image-2819\" src=\"https:\/\/editorial.trevenque.es\/wp-content\/uploads\/2021\/05\/tekis-reducida-300x300.jpg\" alt=\"NubeOcho Ediciones se adentra con Tekis en el mundo del c\u00f3mic\" width=\"300\" height=\"300\" srcset=\"https:\/\/editorial.trevenque.es\/wp-content\/uploads\/2021\/05\/tekis-reducida-66x66.jpg 66w, https:\/\/editorial.trevenque.es\/wp-content\/uploads\/2021\/05\/tekis-reducida-150x150.jpg 150w, https:\/\/editorial.trevenque.es\/wp-content\/uploads\/2021\/05\/tekis-reducida-200x200.jpg 200w, https:\/\/editorial.trevenque.es\/wp-content\/uploads\/2021\/05\/tekis-reducida-300x300.jpg 300w, https:\/\/editorial.trevenque.es\/wp-content\/uploads\/2021\/05\/tekis-reducida-400x400.jpg 400w, https:\/\/editorial.trevenque.es\/wp-content\/uploads\/2021\/05\/tekis-reducida-600x600.jpg 600w, https:\/\/editorial.trevenque.es\/wp-content\/uploads\/2021\/05\/tekis-reducida-768x768.jpg 768w, https:\/\/editorial.trevenque.es\/wp-content\/uploads\/2021\/05\/tekis-reducida-800x800.jpg 800w, https:\/\/editorial.trevenque.es\/wp-content\/uploads\/2021\/05\/tekis-reducida.jpg 960w\" sizes=\"auto, (max-width: 300px) 100vw, 300px\" \/><\/p>\n<p>Las Tekis son unas aventureras que, con su imaginaci\u00f3n, crear\u00e1n grandes inventos y viajar\u00e1n a otros planetas. En concreto, este c\u00f3mic se dirige a <strong>peques a partir de los seis a\u00f1os<\/strong>. Esperamos que \u00e9ste sea el comienzo de una colecci\u00f3n exitosa. Y, por supuesto, que este camino que inician en NubeOcho Ediciones sea muy fruct\u00edfero.<\/p>\n","protected":false},"excerpt":{"rendered":"<p>La valent\u00eda es uno de los rasgos esenciales de NubeOcho Ediciones. Lo decimos, por ejemplo, por el Premio Literario Infantil Narrating Equality en el que [&hellip;]<\/p>\n","protected":false},"author":14,"featured_media":2817,"comment_status":"open","ping_status":"open","sticky":false,"template":"","format":"standard","meta":{"_acf_changed":false,"footnotes":""},"categories":[],"tags":[77,58,72],"class_list":["post-2816","post","type-post","status-publish","format-standard","has-post-thumbnail","hentry","tag-comic","tag-editoriales","tag-literatura-infantil"],"acf":[],"_links":{"self":[{"href":"https:\/\/editorial.trevenque.es\/mx\/wp-json\/wp\/v2\/posts\/2816","targetHints":{"allow":["GET"]}}],"collection":[{"href":"https:\/\/editorial.trevenque.es\/mx\/wp-json\/wp\/v2\/posts"}],"about":[{"href":"https:\/\/editorial.trevenque.es\/mx\/wp-json\/wp\/v2\/types\/post"}],"author":[{"embeddable":true,"href":"https:\/\/editorial.trevenque.es\/mx\/wp-json\/wp\/v2\/users\/14"}],"replies":[{"embeddable":true,"href":"https:\/\/editorial.trevenque.es\/mx\/wp-json\/wp\/v2\/comments?post=2816"}],"version-history":[{"count":2,"href":"https:\/\/editorial.trevenque.es\/mx\/wp-json\/wp\/v2\/posts\/2816\/revisions"}],"predecessor-version":[{"id":2823,"href":"https:\/\/editorial.trevenque.es\/mx\/wp-json\/wp\/v2\/posts\/2816\/revisions\/2823"}],"wp:featuredmedia":[{"embeddable":true,"href":"https:\/\/editorial.trevenque.es\/mx\/wp-json\/wp\/v2\/media\/2817"}],"wp:attachment":[{"href":"https:\/\/editorial.trevenque.es\/mx\/wp-json\/wp\/v2\/media?parent=2816"}],"wp:term":[{"taxonomy":"category","embeddable":true,"href":"https:\/\/editorial.trevenque.es\/mx\/wp-json\/wp\/v2\/categories?post=2816"},{"taxonomy":"post_tag","embeddable":true,"href":"https:\/\/editorial.trevenque.es\/mx\/wp-json\/wp\/v2\/tags?post=2816"}],"curies":[{"name":"wp","href":"https:\/\/api.w.org\/{rel}","templated":true}]}}