{"id":2793,"date":"2021-04-29T10:20:11","date_gmt":"2021-04-29T10:20:11","guid":{"rendered":"https:\/\/editorial.trevenque.es\/?p=2793"},"modified":"2021-05-06T10:48:03","modified_gmt":"2021-05-06T10:48:03","slug":"nuevas-librerias-en-geslib-las-mas-destacadas-de-marzo-y-abril","status":"publish","type":"post","link":"https:\/\/editorial.trevenque.es\/mx\/nuevas-librerias-en-geslib-las-mas-destacadas-de-marzo-y-abril\/","title":{"rendered":"\u00a1Nuevas librer\u00edas en Geslib! Las m\u00e1s destacadas de marzo y abril"},"content":{"rendered":"<p>Estos \u00faltimos dos meses han sido de mucho trabajo en el <a href=\"https:\/\/editorial.trevenque.es\/\">departamento de Editorial de Trevenque Group<\/a>. Se suceden los nuevos proyectos de librer\u00edas y papeler\u00edas que desean contar con un software de gesti\u00f3n como <a href=\"https:\/\/editorial.trevenque.es\/productos\/geslib\/\">Geslib<\/a>. A continuaci\u00f3n, repasamos algunos de los m\u00e1s relevantes:<\/p>\n<p><strong>Pirralos<\/strong>: Librer\u00eda y papeler\u00eda ubicada en Dos Hermanas (Sevilla). Cuenta con un cat\u00e1logo muy extenso, con una atenci\u00f3n especial en torno a\u00a0material escolar y oficinas.<\/p>\n<p><img loading=\"lazy\" decoding=\"async\" class=\"alignnone size-full wp-image-2805\" src=\"https:\/\/editorial.trevenque.es\/wp-content\/uploads\/2021\/04\/tabook-ok.jpg\" alt=\"Librer\u00eda Tabook\" width=\"1059\" height=\"631\" srcset=\"https:\/\/editorial.trevenque.es\/wp-content\/uploads\/2021\/04\/tabook-ok-200x119.jpg 200w, https:\/\/editorial.trevenque.es\/wp-content\/uploads\/2021\/04\/tabook-ok-300x179.jpg 300w, https:\/\/editorial.trevenque.es\/wp-content\/uploads\/2021\/04\/tabook-ok-400x238.jpg 400w, https:\/\/editorial.trevenque.es\/wp-content\/uploads\/2021\/04\/tabook-ok-600x358.jpg 600w, https:\/\/editorial.trevenque.es\/wp-content\/uploads\/2021\/04\/tabook-ok-768x458.jpg 768w, https:\/\/editorial.trevenque.es\/wp-content\/uploads\/2021\/04\/tabook-ok-800x477.jpg 800w, https:\/\/editorial.trevenque.es\/wp-content\/uploads\/2021\/04\/tabook-ok-1024x610.jpg 1024w, https:\/\/editorial.trevenque.es\/wp-content\/uploads\/2021\/04\/tabook-ok.jpg 1059w\" sizes=\"auto, (max-width: 1059px) 100vw, 1059px\" \/><\/p>\n<p><strong>Tabook<\/strong>:\u00a0Librer\u00eda low cost en el barrio de La Bozada, en Zaragoza. Son especialistas en libros de segunda mano. Cuentan con todo tipo de tem\u00e1ticas para adultos, adem\u00e1s de literatura infantil y juvenil.<\/p>\n<p><img loading=\"lazy\" decoding=\"async\" class=\"alignnone size-full wp-image-2807\" src=\"https:\/\/editorial.trevenque.es\/wp-content\/uploads\/2021\/04\/damian-mesa.jpg\" alt=\"Dami\u00e1n Mesa Educaci\u00f3n\" width=\"960\" height=\"588\" srcset=\"https:\/\/editorial.trevenque.es\/wp-content\/uploads\/2021\/04\/damian-mesa-200x123.jpg 200w, https:\/\/editorial.trevenque.es\/wp-content\/uploads\/2021\/04\/damian-mesa-300x184.jpg 300w, https:\/\/editorial.trevenque.es\/wp-content\/uploads\/2021\/04\/damian-mesa-400x245.jpg 400w, https:\/\/editorial.trevenque.es\/wp-content\/uploads\/2021\/04\/damian-mesa-600x368.jpg 600w, https:\/\/editorial.trevenque.es\/wp-content\/uploads\/2021\/04\/damian-mesa-768x470.jpg 768w, https:\/\/editorial.trevenque.es\/wp-content\/uploads\/2021\/04\/damian-mesa-800x490.jpg 800w, https:\/\/editorial.trevenque.es\/wp-content\/uploads\/2021\/04\/damian-mesa.jpg 960w\" sizes=\"auto, (max-width: 960px) 100vw, 960px\" \/><\/p>\n<p><strong>Dami\u00e1n Mesa Educaci\u00f3n<\/strong>:\u00a0Librer\u00eda tinerfe\u00f1a especializada en libros de texto y educativos. Tambi\u00e9n ofrecen art\u00edculos de papeler\u00eda, mobiliario de oficina y fungibles inform\u00e1ticos dentro de su cat\u00e1logo.<\/p>\n<p><img loading=\"lazy\" decoding=\"async\" class=\"alignnone size-full wp-image-2809\" src=\"https:\/\/editorial.trevenque.es\/wp-content\/uploads\/2021\/04\/vecindario.jpg\" alt=\"Librer\u00eda Vecindario\" width=\"2048\" height=\"1536\" srcset=\"https:\/\/editorial.trevenque.es\/wp-content\/uploads\/2021\/04\/vecindario-200x150.jpg 200w, https:\/\/editorial.trevenque.es\/wp-content\/uploads\/2021\/04\/vecindario-300x225.jpg 300w, https:\/\/editorial.trevenque.es\/wp-content\/uploads\/2021\/04\/vecindario-357x268.jpg 357w, https:\/\/editorial.trevenque.es\/wp-content\/uploads\/2021\/04\/vecindario-400x300.jpg 400w, https:\/\/editorial.trevenque.es\/wp-content\/uploads\/2021\/04\/vecindario-600x450.jpg 600w, https:\/\/editorial.trevenque.es\/wp-content\/uploads\/2021\/04\/vecindario-768x576.jpg 768w, https:\/\/editorial.trevenque.es\/wp-content\/uploads\/2021\/04\/vecindario-800x600.jpg 800w, https:\/\/editorial.trevenque.es\/wp-content\/uploads\/2021\/04\/vecindario-1024x768.jpg 1024w, https:\/\/editorial.trevenque.es\/wp-content\/uploads\/2021\/04\/vecindario-1200x900.jpg 1200w, https:\/\/editorial.trevenque.es\/wp-content\/uploads\/2021\/04\/vecindario.jpg 2048w\" sizes=\"auto, (max-width: 2048px) 100vw, 2048px\" \/><\/p>\n<p><strong>Vecindario<\/strong>: Ubicada en Gran Canaria, esta librer\u00eda incluye entre sus especialidades el material escolar, el de oficina, los suministros inform\u00e1ticos&#8230;<\/p>\n<p><img loading=\"lazy\" decoding=\"async\" class=\"alignnone size-full wp-image-2811\" src=\"https:\/\/editorial.trevenque.es\/wp-content\/uploads\/2021\/04\/lechuza-sol.jpg\" alt=\"Librer\u00eda Lechuza del Sol\" width=\"960\" height=\"384\" srcset=\"https:\/\/editorial.trevenque.es\/wp-content\/uploads\/2021\/04\/lechuza-sol-200x80.jpg 200w, https:\/\/editorial.trevenque.es\/wp-content\/uploads\/2021\/04\/lechuza-sol-300x120.jpg 300w, https:\/\/editorial.trevenque.es\/wp-content\/uploads\/2021\/04\/lechuza-sol-400x160.jpg 400w, https:\/\/editorial.trevenque.es\/wp-content\/uploads\/2021\/04\/lechuza-sol-600x240.jpg 600w, https:\/\/editorial.trevenque.es\/wp-content\/uploads\/2021\/04\/lechuza-sol-768x307.jpg 768w, https:\/\/editorial.trevenque.es\/wp-content\/uploads\/2021\/04\/lechuza-sol-800x320.jpg 800w, https:\/\/editorial.trevenque.es\/wp-content\/uploads\/2021\/04\/lechuza-sol.jpg 960w\" sizes=\"auto, (max-width: 960px) 100vw, 960px\" \/><\/p>\n<p><strong>Lechuza del Sol<\/strong>: Se encuentra en Zaragoza. Se trata de una librer\u00eda de filosof\u00edas y crecimiento personal. Con ese objetivo, tambi\u00e9n ofrecen art\u00edculos de joyer\u00eda y herbodiet\u00e9tica, junto a cursos y diversas actividades.<\/p>\n<p><strong>Gavina Llibres<\/strong>: Ubicada en Gand\u00eda (Valencia), es una librer\u00eda independiente que presta mucha atenci\u00f3n a la literatura infantil y juvenil.<\/p>\n<p><strong>Uppali<\/strong>: Tambi\u00e9n en Gand\u00eda, en este caso hablamos de una tienda especializada en la venta de libros infantiles. Adem\u00e1s, cuentan en su cat\u00e1logo con juguetes, material escolar y de oficina, material de manualidades&#8230;<\/p>\n","protected":false},"excerpt":{"rendered":"<p>Estos \u00faltimos dos meses han sido de mucho trabajo en el departamento de Editorial de Trevenque Group. Se suceden los nuevos proyectos de librer\u00edas y [&hellip;]<\/p>\n","protected":false},"author":14,"featured_media":2803,"comment_status":"open","ping_status":"open","sticky":false,"template":"","format":"standard","meta":{"_acf_changed":false,"footnotes":""},"categories":[],"tags":[50,47,69],"class_list":["post-2793","post","type-post","status-publish","format-standard","has-post-thumbnail","hentry","tag-geslib","tag-librerias","tag-nuevos-clientes-de-geslib"],"acf":[],"_links":{"self":[{"href":"https:\/\/editorial.trevenque.es\/mx\/wp-json\/wp\/v2\/posts\/2793","targetHints":{"allow":["GET"]}}],"collection":[{"href":"https:\/\/editorial.trevenque.es\/mx\/wp-json\/wp\/v2\/posts"}],"about":[{"href":"https:\/\/editorial.trevenque.es\/mx\/wp-json\/wp\/v2\/types\/post"}],"author":[{"embeddable":true,"href":"https:\/\/editorial.trevenque.es\/mx\/wp-json\/wp\/v2\/users\/14"}],"replies":[{"embeddable":true,"href":"https:\/\/editorial.trevenque.es\/mx\/wp-json\/wp\/v2\/comments?post=2793"}],"version-history":[{"count":3,"href":"https:\/\/editorial.trevenque.es\/mx\/wp-json\/wp\/v2\/posts\/2793\/revisions"}],"predecessor-version":[{"id":2814,"href":"https:\/\/editorial.trevenque.es\/mx\/wp-json\/wp\/v2\/posts\/2793\/revisions\/2814"}],"wp:featuredmedia":[{"embeddable":true,"href":"https:\/\/editorial.trevenque.es\/mx\/wp-json\/wp\/v2\/media\/2803"}],"wp:attachment":[{"href":"https:\/\/editorial.trevenque.es\/mx\/wp-json\/wp\/v2\/media?parent=2793"}],"wp:term":[{"taxonomy":"category","embeddable":true,"href":"https:\/\/editorial.trevenque.es\/mx\/wp-json\/wp\/v2\/categories?post=2793"},{"taxonomy":"post_tag","embeddable":true,"href":"https:\/\/editorial.trevenque.es\/mx\/wp-json\/wp\/v2\/tags?post=2793"}],"curies":[{"name":"wp","href":"https:\/\/api.w.org\/{rel}","templated":true}]}}