{"id":2784,"date":"2021-04-21T08:42:33","date_gmt":"2021-04-21T08:42:33","guid":{"rendered":"https:\/\/editorial.trevenque.es\/?p=2784"},"modified":"2021-04-21T08:42:33","modified_gmt":"2021-04-21T08:42:33","slug":"amamos-los-libros-y-las-librerias-nos-sumamos-a-la-campana-de-grupo-amatl","status":"publish","type":"post","link":"https:\/\/editorial.trevenque.es\/mx\/amamos-los-libros-y-las-librerias-nos-sumamos-a-la-campana-de-grupo-amatl\/","title":{"rendered":"Amamos los libros y las librer\u00edas: Nos sumamos a la campa\u00f1a de Grupo Amatl"},"content":{"rendered":"<p>En Trevenque Group llevamos casi 30 a\u00f1os acompa\u00f1ando a las librer\u00edas. Por ello, sabemos bien cu\u00e1les son sus necesidades y <a href=\"https:\/\/editorial.trevenque.es\/servicios-para-librerias\/\">las soluciones que mejor les convienen<\/a>. Y por ese motivo tambi\u00e9n, conocemos <strong>lo dif\u00edciles que est\u00e1n siendo los \u00faltimos catorce meses para ellas<\/strong>. Todas las librer\u00edas con las que tratamos a diario han tenido que afrontar cierres de sus servicios de cara al p\u00fablico, ya sea de forma interrumpida o con una mayor permanencia en el tiempo.<\/p>\n<p><img loading=\"lazy\" decoding=\"async\" class=\"alignnone size-full wp-image-2785\" src=\"https:\/\/editorial.trevenque.es\/wp-content\/uploads\/2021\/04\/grupo-amatl-librerias.jpg\" alt=\"Amamos los libros y las librer\u00edas: Nos sumamos a la campa\u00f1a de Grupo Amatl\" width=\"2091\" height=\"801\" srcset=\"https:\/\/editorial.trevenque.es\/wp-content\/uploads\/2021\/04\/grupo-amatl-librerias-200x77.jpg 200w, https:\/\/editorial.trevenque.es\/wp-content\/uploads\/2021\/04\/grupo-amatl-librerias-300x115.jpg 300w, https:\/\/editorial.trevenque.es\/wp-content\/uploads\/2021\/04\/grupo-amatl-librerias-400x153.jpg 400w, https:\/\/editorial.trevenque.es\/wp-content\/uploads\/2021\/04\/grupo-amatl-librerias-600x230.jpg 600w, https:\/\/editorial.trevenque.es\/wp-content\/uploads\/2021\/04\/grupo-amatl-librerias-768x294.jpg 768w, https:\/\/editorial.trevenque.es\/wp-content\/uploads\/2021\/04\/grupo-amatl-librerias-800x306.jpg 800w, https:\/\/editorial.trevenque.es\/wp-content\/uploads\/2021\/04\/grupo-amatl-librerias-1024x392.jpg 1024w, https:\/\/editorial.trevenque.es\/wp-content\/uploads\/2021\/04\/grupo-amatl-librerias-1200x460.jpg 1200w, https:\/\/editorial.trevenque.es\/wp-content\/uploads\/2021\/04\/grupo-amatl-librerias.jpg 2091w\" sizes=\"auto, (max-width: 2091px) 100vw, 2091px\" \/><\/p>\n<p>Por ello, respaldamos la campa\u00f1a &#8220;Amo los libros y amo las librer\u00edas&#8221;, puesta en marcha por nuestros amigos de <a href=\"https:\/\/grupoamatl.com\/\" target=\"_blank\" rel=\"noopener\">Grupo Amatl<\/a>. Porque <strong>pocos establecimientos como las librer\u00edas para disfrutar de un inmejorable trato en la atenci\u00f3n al cliente<\/strong>. Sus responsables suelen ser personas con una sensibilidad especial para conocer los gustos de sus lectores. Saben hacerles esa recomendaci\u00f3n que abre la puerta a un nuevo universo.<\/p>\n<h3>Viajar sin movernos de casa<\/h3>\n<p>Decimos tambi\u00e9n que amamos los libros porque nos permiten viajar sin movernos de casa. Esto lo hemos comprendido durante las jornadas en las que el virus nos ha obligado a quedarnos en nuestros domicilios. Y <strong>nadie cuida con m\u00e1s cari\u00f1o a los libros que las librer\u00edas<\/strong>, donde saben encontrar siempre los mejores destinatarios para los ejemplares. Donde conocen qui\u00e9nes son las personas ideales a las que descubrir esos mundos que albergan en su interior.<\/p>\n<p>Como bien nos han informado desde Grupo Amatl, la RELI (Red de Librer\u00edas Independientes) realiz\u00f3 una investigaci\u00f3n con la que reflej\u00f3 que el 70% de sus afiliados ha afrontado problemas &#8220;graves y muy graves&#8221; para seguir trabajando. Son unos datos que, m\u00e1s que nunca, <strong>nos impulsan a demostrar nuestra pasi\u00f3n por los libros<\/strong>. En esta semana del D\u00eda del Libro, cuando el horizonte parece dibujar una esperanza en forma de vacuna, tambi\u00e9n es un momento para confiar en el futuro que espera a las librer\u00edas. Y, como siempre, Trevenque Group estar\u00e1 junto a ellas.<\/p>\n","protected":false},"excerpt":{"rendered":"<p>En Trevenque Group llevamos casi 30 a\u00f1os acompa\u00f1ando a las librer\u00edas. Por ello, sabemos bien cu\u00e1les son sus necesidades y las soluciones que mejor les [&hellip;]<\/p>\n","protected":false},"author":14,"featured_media":2785,"comment_status":"open","ping_status":"open","sticky":false,"template":"","format":"standard","meta":{"_acf_changed":false,"footnotes":""},"categories":[],"tags":[55,75,47],"class_list":["post-2784","post","type-post","status-publish","format-standard","has-post-thumbnail","hentry","tag-dia-del-libro","tag-feria-del-libro","tag-librerias"],"acf":[],"_links":{"self":[{"href":"https:\/\/editorial.trevenque.es\/mx\/wp-json\/wp\/v2\/posts\/2784","targetHints":{"allow":["GET"]}}],"collection":[{"href":"https:\/\/editorial.trevenque.es\/mx\/wp-json\/wp\/v2\/posts"}],"about":[{"href":"https:\/\/editorial.trevenque.es\/mx\/wp-json\/wp\/v2\/types\/post"}],"author":[{"embeddable":true,"href":"https:\/\/editorial.trevenque.es\/mx\/wp-json\/wp\/v2\/users\/14"}],"replies":[{"embeddable":true,"href":"https:\/\/editorial.trevenque.es\/mx\/wp-json\/wp\/v2\/comments?post=2784"}],"version-history":[{"count":1,"href":"https:\/\/editorial.trevenque.es\/mx\/wp-json\/wp\/v2\/posts\/2784\/revisions"}],"predecessor-version":[{"id":2787,"href":"https:\/\/editorial.trevenque.es\/mx\/wp-json\/wp\/v2\/posts\/2784\/revisions\/2787"}],"wp:featuredmedia":[{"embeddable":true,"href":"https:\/\/editorial.trevenque.es\/mx\/wp-json\/wp\/v2\/media\/2785"}],"wp:attachment":[{"href":"https:\/\/editorial.trevenque.es\/mx\/wp-json\/wp\/v2\/media?parent=2784"}],"wp:term":[{"taxonomy":"category","embeddable":true,"href":"https:\/\/editorial.trevenque.es\/mx\/wp-json\/wp\/v2\/categories?post=2784"},{"taxonomy":"post_tag","embeddable":true,"href":"https:\/\/editorial.trevenque.es\/mx\/wp-json\/wp\/v2\/tags?post=2784"}],"curies":[{"name":"wp","href":"https:\/\/api.w.org\/{rel}","templated":true}]}}