{"id":2779,"date":"2021-04-15T15:06:11","date_gmt":"2021-04-15T15:06:11","guid":{"rendered":"https:\/\/editorial.trevenque.es\/?p=2779"},"modified":"2021-04-15T15:06:11","modified_gmt":"2021-04-15T15:06:11","slug":"sant-jordi-2021-tres-dias-de-celebracion-y-puestos-en-la-calle","status":"publish","type":"post","link":"https:\/\/editorial.trevenque.es\/mx\/sant-jordi-2021-tres-dias-de-celebracion-y-puestos-en-la-calle\/","title":{"rendered":"Sant Jordi 2021: Tres d\u00edas de celebraci\u00f3n y puestos en la calle"},"content":{"rendered":"<p>Se acerca el d\u00eda m\u00e1s se\u00f1alado del a\u00f1o para las librer\u00edas, especialmente en Catalu\u00f1a. Este Sant Jordi 2021 no ser\u00e1 a\u00fan como los de ediciones anteriores al COVID-19, pero al menos podr\u00e1 celebrarse en su fecha. Decimos esto porque en Valencia, por ejemplo, han <a href=\"https:\/\/editorial.trevenque.es\/fira-llibre-valencia-2021-otono-presencial\/\">aplazado su Fira del Llibre a oto\u00f1o<\/a>. No es el caso de Sant Jordi, que tendr\u00e1 lugar el viernes 23 de abril, pero no solo ese d\u00eda. Con el objetivo de evitar aglomeraciones, <strong>desde el mi\u00e9rcoles 21 de abril las librer\u00edas podr\u00e1n colocar ya sus puestos en la calle<\/strong>. Las florister\u00edas tambi\u00e9n, porque el libro y la rosa son elementos inseparables en unas jornadas como \u00e9stas.<\/p>\n<p><img loading=\"lazy\" decoding=\"async\" class=\"alignnone size-full wp-image-2780\" src=\"https:\/\/editorial.trevenque.es\/wp-content\/uploads\/2021\/04\/sant-jordi-2021.jpg\" alt=\"Sant Jordi 2021: Tres d\u00edas de celebraci\u00f3n y puestos en la calle\" width=\"1296\" height=\"810\" srcset=\"https:\/\/editorial.trevenque.es\/wp-content\/uploads\/2021\/04\/sant-jordi-2021-200x125.jpg 200w, https:\/\/editorial.trevenque.es\/wp-content\/uploads\/2021\/04\/sant-jordi-2021-300x188.jpg 300w, https:\/\/editorial.trevenque.es\/wp-content\/uploads\/2021\/04\/sant-jordi-2021-400x250.jpg 400w, https:\/\/editorial.trevenque.es\/wp-content\/uploads\/2021\/04\/sant-jordi-2021-600x375.jpg 600w, https:\/\/editorial.trevenque.es\/wp-content\/uploads\/2021\/04\/sant-jordi-2021-768x480.jpg 768w, https:\/\/editorial.trevenque.es\/wp-content\/uploads\/2021\/04\/sant-jordi-2021-800x500.jpg 800w, https:\/\/editorial.trevenque.es\/wp-content\/uploads\/2021\/04\/sant-jordi-2021-1024x640.jpg 1024w, https:\/\/editorial.trevenque.es\/wp-content\/uploads\/2021\/04\/sant-jordi-2021-1200x750.jpg 1200w, https:\/\/editorial.trevenque.es\/wp-content\/uploads\/2021\/04\/sant-jordi-2021.jpg 1296w\" sizes=\"auto, (max-width: 1296px) 100vw, 1296px\" \/><\/p>\n<p>Adem\u00e1s, habr\u00e1 <strong>una serie de espacios acotados en diferentes municipios con puntos para la instalaci\u00f3n de tenderetes<\/strong>. Por ejemplo, se habilitar\u00e1 una decena en Barcelona, pero cada localidad catalana dispondr\u00e1 de al menos uno. Para aquellos interesados en comprar dentro de librer\u00edas y florister\u00edas, el aforo permitido en su interior ser\u00e1 del 50%.<\/p>\n<h3>Firmas y descuentos<\/h3>\n<p>Por otra parte, uno de los conceptos siempre asociados a las ferias de libros es el de las <strong>firmas de ejemplares<\/strong>. En este Sant Jordi 2021, en principio algunos autores s\u00ed cumplir\u00e1n con esta tradici\u00f3n. Obviamente, no vendr\u00e1n desde el extranjero, pero realizar\u00e1n estas firmas en lugares al aire libre y con control de aforo.<\/p>\n<p>Y resta tambi\u00e9n la cuesti\u00f3n de los habituales descuentos. <strong>El principal, de hasta un 10%, solo lo podr\u00e1n ofrecer las librer\u00edas el 23 de abril<\/strong>. Las dos jornadas anteriores, el m\u00e1ximo queda fijado en el 5%.<\/p>\n<p>Con todo, esperamos que Sant Jordi 2021 sea un \u00e9xito y que sirva para plasmar la pasi\u00f3n por los libros.<\/p>\n<p>&nbsp;<\/p>\n","protected":false},"excerpt":{"rendered":"<p>Se acerca el d\u00eda m\u00e1s se\u00f1alado del a\u00f1o para las librer\u00edas, especialmente en Catalu\u00f1a. Este Sant Jordi 2021 no ser\u00e1 a\u00fan como los de ediciones [&hellip;]<\/p>\n","protected":false},"author":14,"featured_media":2780,"comment_status":"open","ping_status":"open","sticky":false,"template":"","format":"standard","meta":{"_acf_changed":false,"footnotes":""},"categories":[],"tags":[75,47],"class_list":["post-2779","post","type-post","status-publish","format-standard","has-post-thumbnail","hentry","tag-feria-del-libro","tag-librerias"],"acf":[],"_links":{"self":[{"href":"https:\/\/editorial.trevenque.es\/mx\/wp-json\/wp\/v2\/posts\/2779","targetHints":{"allow":["GET"]}}],"collection":[{"href":"https:\/\/editorial.trevenque.es\/mx\/wp-json\/wp\/v2\/posts"}],"about":[{"href":"https:\/\/editorial.trevenque.es\/mx\/wp-json\/wp\/v2\/types\/post"}],"author":[{"embeddable":true,"href":"https:\/\/editorial.trevenque.es\/mx\/wp-json\/wp\/v2\/users\/14"}],"replies":[{"embeddable":true,"href":"https:\/\/editorial.trevenque.es\/mx\/wp-json\/wp\/v2\/comments?post=2779"}],"version-history":[{"count":1,"href":"https:\/\/editorial.trevenque.es\/mx\/wp-json\/wp\/v2\/posts\/2779\/revisions"}],"predecessor-version":[{"id":2782,"href":"https:\/\/editorial.trevenque.es\/mx\/wp-json\/wp\/v2\/posts\/2779\/revisions\/2782"}],"wp:featuredmedia":[{"embeddable":true,"href":"https:\/\/editorial.trevenque.es\/mx\/wp-json\/wp\/v2\/media\/2780"}],"wp:attachment":[{"href":"https:\/\/editorial.trevenque.es\/mx\/wp-json\/wp\/v2\/media?parent=2779"}],"wp:term":[{"taxonomy":"category","embeddable":true,"href":"https:\/\/editorial.trevenque.es\/mx\/wp-json\/wp\/v2\/categories?post=2779"},{"taxonomy":"post_tag","embeddable":true,"href":"https:\/\/editorial.trevenque.es\/mx\/wp-json\/wp\/v2\/tags?post=2779"}],"curies":[{"name":"wp","href":"https:\/\/api.w.org\/{rel}","templated":true}]}}