{"id":2774,"date":"2021-04-05T17:55:03","date_gmt":"2021-04-05T17:55:03","guid":{"rendered":"https:\/\/editorial.trevenque.es\/?p=2774"},"modified":"2021-04-14T17:55:32","modified_gmt":"2021-04-14T17:55:32","slug":"fira-llibre-valencia-2021-otono-presencial","status":"publish","type":"post","link":"https:\/\/editorial.trevenque.es\/mx\/fira-llibre-valencia-2021-otono-presencial\/","title":{"rendered":"La Fira del Llibre de Valencia 2021, en oto\u00f1o y de forma presencial"},"content":{"rendered":"<p>Ante un panorama sanitario que no termina de aclararse, toca seguir aplazando y reinventarse. Eso es lo que ha hecho la <a href=\"https:\/\/firallibre.com\/2021\/03\/17\/la-fira-del-llibre-de-valencia-se-celebrara-de-forma-presencial-en-otono-del-2021\/\" target=\"_blank\" rel=\"noopener\">Fira del Llibre de Valencia<\/a>, que en este 2021 ha tomado la decisi\u00f3n de posponer su habitual cita primaveral. Este a\u00f1o, <strong>se celebrar\u00e1 en oto\u00f1o<\/strong>, siempre en funci\u00f3n de que la situaci\u00f3n generada por el COVID-19 lo permita.<\/p>\n<p>Si as\u00ed ocurre, y se va recuperando la normalidad, la Fira del Llibre de Valencia <strong>ser\u00e1, adem\u00e1s, presencial<\/strong>. Se celebrar\u00eda entonces\u00a0en los Jardines de Viveros, con el placer de poder recuperar el contacto directo entre libreros y lectores. Adem\u00e1s, coincidir\u00eda con un momento clave del a\u00f1o para el sector, el de los lanzamientos editoriales previos a la Navidad. Con ello, las presentaciones y las novedades estar\u00edan garantizadas.<\/p>\n<p>Esperamos que el ritmo de vacunaci\u00f3n siga creciendo y podamos <strong>disfrutar de una de las citas m\u00e1s importantes del sector<\/strong>. Que tengamos una Fira del Llibre de Valencia presencial y en oto\u00f1o ser\u00e1 una buena se\u00f1al.<\/p>\n","protected":false},"excerpt":{"rendered":"<p>Ante un panorama sanitario que no termina de aclararse, toca seguir aplazando y reinventarse. Eso es lo que ha hecho la Fira del Llibre de [&hellip;]<\/p>\n","protected":false},"author":14,"featured_media":2776,"comment_status":"open","ping_status":"open","sticky":false,"template":"","format":"standard","meta":{"_acf_changed":false,"footnotes":""},"categories":[],"tags":[62,75],"class_list":["post-2774","post","type-post","status-publish","format-standard","has-post-thumbnail","hentry","tag-covid-19","tag-feria-del-libro"],"acf":[],"_links":{"self":[{"href":"https:\/\/editorial.trevenque.es\/mx\/wp-json\/wp\/v2\/posts\/2774","targetHints":{"allow":["GET"]}}],"collection":[{"href":"https:\/\/editorial.trevenque.es\/mx\/wp-json\/wp\/v2\/posts"}],"about":[{"href":"https:\/\/editorial.trevenque.es\/mx\/wp-json\/wp\/v2\/types\/post"}],"author":[{"embeddable":true,"href":"https:\/\/editorial.trevenque.es\/mx\/wp-json\/wp\/v2\/users\/14"}],"replies":[{"embeddable":true,"href":"https:\/\/editorial.trevenque.es\/mx\/wp-json\/wp\/v2\/comments?post=2774"}],"version-history":[{"count":2,"href":"https:\/\/editorial.trevenque.es\/mx\/wp-json\/wp\/v2\/posts\/2774\/revisions"}],"predecessor-version":[{"id":2778,"href":"https:\/\/editorial.trevenque.es\/mx\/wp-json\/wp\/v2\/posts\/2774\/revisions\/2778"}],"wp:featuredmedia":[{"embeddable":true,"href":"https:\/\/editorial.trevenque.es\/mx\/wp-json\/wp\/v2\/media\/2776"}],"wp:attachment":[{"href":"https:\/\/editorial.trevenque.es\/mx\/wp-json\/wp\/v2\/media?parent=2774"}],"wp:term":[{"taxonomy":"category","embeddable":true,"href":"https:\/\/editorial.trevenque.es\/mx\/wp-json\/wp\/v2\/categories?post=2774"},{"taxonomy":"post_tag","embeddable":true,"href":"https:\/\/editorial.trevenque.es\/mx\/wp-json\/wp\/v2\/tags?post=2774"}],"curies":[{"name":"wp","href":"https:\/\/api.w.org\/{rel}","templated":true}]}}