{"id":2758,"date":"2021-03-17T19:49:31","date_gmt":"2021-03-17T19:49:31","guid":{"rendered":"https:\/\/editorial.trevenque.es\/?p=2758"},"modified":"2021-03-24T19:50:49","modified_gmt":"2021-03-24T19:50:49","slug":"valladolid-librerias-fondos-bibliotecas","status":"publish","type":"post","link":"https:\/\/editorial.trevenque.es\/mx\/valladolid-librerias-fondos-bibliotecas\/","title":{"rendered":"El interesante ejemplo de Valladolid: Librer\u00edas suministrar\u00e1n fondos a las Bibliotecas Municipales"},"content":{"rendered":"<p>En un momento como \u00e9ste, en el que las peque\u00f1as y medianas librer\u00edas necesitan m\u00e1s apoyo p\u00fablico que nunca, en Valladolid ha surgido un interesante ejemplo. <a href=\"https:\/\/www.eldiario.es\/castilla-y-leon\/provincias\/valladolid\/librerias-empresas-distribucion-valladolid-suministraran-fondos-bibliotecas-municipales-archivo-municipal_1_7308226.html\" target=\"_blank\" rel=\"noopener\">Como hemos podido leer aqu\u00ed<\/a>, <strong>once librer\u00edas se encargar\u00e1n de suministrar fondos bibliogr\u00e1ficos a las Bibliotecas Municipales y al Archivo Municipal de esta capital<\/strong>. Les ofrecer\u00e1n las \u00faltimas novedades del sector literario, de manera que estas bibliotecas sigan atrayendo a los usuarios. Al mismo tiempo, el Ayuntamiento se convierte en cliente de estos establecimientos.<\/p>\n<p><img loading=\"lazy\" decoding=\"async\" class=\"alignnone size-full wp-image-2760\" src=\"https:\/\/editorial.trevenque.es\/wp-content\/uploads\/2021\/03\/biblioteca.jpg\" alt=\"El interesante ejemplo de Valladolid: Librer\u00edas suministrar\u00e1n fondos a las Bibliotecas Municipales\" width=\"960\" height=\"606\" srcset=\"https:\/\/editorial.trevenque.es\/wp-content\/uploads\/2021\/03\/biblioteca-200x126.jpg 200w, https:\/\/editorial.trevenque.es\/wp-content\/uploads\/2021\/03\/biblioteca-300x189.jpg 300w, https:\/\/editorial.trevenque.es\/wp-content\/uploads\/2021\/03\/biblioteca-320x202.jpg 320w, https:\/\/editorial.trevenque.es\/wp-content\/uploads\/2021\/03\/biblioteca-400x253.jpg 400w, https:\/\/editorial.trevenque.es\/wp-content\/uploads\/2021\/03\/biblioteca-600x379.jpg 600w, https:\/\/editorial.trevenque.es\/wp-content\/uploads\/2021\/03\/biblioteca-700x441.jpg 700w, https:\/\/editorial.trevenque.es\/wp-content\/uploads\/2021\/03\/biblioteca-768x485.jpg 768w, https:\/\/editorial.trevenque.es\/wp-content\/uploads\/2021\/03\/biblioteca-800x505.jpg 800w, https:\/\/editorial.trevenque.es\/wp-content\/uploads\/2021\/03\/biblioteca.jpg 960w\" sizes=\"auto, (max-width: 960px) 100vw, 960px\" \/><\/p>\n<p>Hasta 2019, exist\u00eda un acuerdo por el cual una \u00fanica empresa hac\u00eda llegar esos fondos bibliogr\u00e1ficos a las entidades municipales. La novedad radica en que ahora los encargados de esta tarea ser\u00e1n <strong>todos los suministradores que han pedido tomar parte en este proceso y han cumplido los requisitos establecidos<\/strong>. Cuando queden homologados, todos ellos recibir\u00e1n pedidos.<\/p>\n<h3>El Archivo, tambi\u00e9n<\/h3>\n<p>Y \u00e9stos ir\u00e1n a parar no solo a bibliotecas y puntos de lectura municipales, como ven\u00eda ocurriendo, sino tambi\u00e9n al Archivo Municipal de Valladolid. Este acuerdo marco tiene una duraci\u00f3n prevista de dos a\u00f1os, para 2021 y 2022. Sin embargo, tambi\u00e9n se prev\u00e9 la posibilidad de pr\u00f3rroga por otro m\u00e1s, hasta 2023. <strong>Para estos tres a\u00f1os, el presupuesto total de los contratos asciende a 364.500 euros<\/strong>. En consecuencia, por cada ejercicio se dispondr\u00eda de 121.500 euros. De ellos, 89.000 euros se invertir\u00e1n en libros para Bibliotecas Municipales y Puntos de Lectura.<\/p>\n<p>Pasamos lista a las librer\u00edas que forman parte de este acuerdo. Desde Valladolid tenemos a Don Quijote, La Victoria, Papiro, Margen, Oletvm, Eurobook, La Casa del Libro (Espasa Calpe), Maxtor y Etiam. A \u00e9stas se suman la librer\u00eda Gil de Santander y la papeler\u00eda Somar de Villanueva de los Infantes (Ciudad Real). Muchas de estas librer\u00edas son clientes de <a href=\"https:\/\/editorial.trevenque.es\/productos\/geslib\/\">Geslib<\/a>, as\u00ed que nos alegramos por ellas. Pero, sobre todo,\u00a0<strong>esperamos que el ejemplo cunda en otros lugares del pa\u00eds<\/strong>.<\/p>\n","protected":false},"excerpt":{"rendered":"<p>En un momento como \u00e9ste, en el que las peque\u00f1as y medianas librer\u00edas necesitan m\u00e1s apoyo p\u00fablico que nunca, en Valladolid ha surgido un interesante [&hellip;]<\/p>\n","protected":false},"author":14,"featured_media":2760,"comment_status":"open","ping_status":"open","sticky":false,"template":"","format":"standard","meta":{"_acf_changed":false,"footnotes":""},"categories":[],"tags":[73,47],"class_list":["post-2758","post","type-post","status-publish","format-standard","has-post-thumbnail","hentry","tag-bibliotecas","tag-librerias"],"acf":[],"_links":{"self":[{"href":"https:\/\/editorial.trevenque.es\/mx\/wp-json\/wp\/v2\/posts\/2758","targetHints":{"allow":["GET"]}}],"collection":[{"href":"https:\/\/editorial.trevenque.es\/mx\/wp-json\/wp\/v2\/posts"}],"about":[{"href":"https:\/\/editorial.trevenque.es\/mx\/wp-json\/wp\/v2\/types\/post"}],"author":[{"embeddable":true,"href":"https:\/\/editorial.trevenque.es\/mx\/wp-json\/wp\/v2\/users\/14"}],"replies":[{"embeddable":true,"href":"https:\/\/editorial.trevenque.es\/mx\/wp-json\/wp\/v2\/comments?post=2758"}],"version-history":[{"count":2,"href":"https:\/\/editorial.trevenque.es\/mx\/wp-json\/wp\/v2\/posts\/2758\/revisions"}],"predecessor-version":[{"id":2762,"href":"https:\/\/editorial.trevenque.es\/mx\/wp-json\/wp\/v2\/posts\/2758\/revisions\/2762"}],"wp:featuredmedia":[{"embeddable":true,"href":"https:\/\/editorial.trevenque.es\/mx\/wp-json\/wp\/v2\/media\/2760"}],"wp:attachment":[{"href":"https:\/\/editorial.trevenque.es\/mx\/wp-json\/wp\/v2\/media?parent=2758"}],"wp:term":[{"taxonomy":"category","embeddable":true,"href":"https:\/\/editorial.trevenque.es\/mx\/wp-json\/wp\/v2\/categories?post=2758"},{"taxonomy":"post_tag","embeddable":true,"href":"https:\/\/editorial.trevenque.es\/mx\/wp-json\/wp\/v2\/tags?post=2758"}],"curies":[{"name":"wp","href":"https:\/\/api.w.org\/{rel}","templated":true}]}}