{"id":2752,"date":"2021-03-15T18:56:50","date_gmt":"2021-03-15T18:56:50","guid":{"rendered":"https:\/\/editorial.trevenque.es\/?p=2752"},"modified":"2021-03-22T19:33:08","modified_gmt":"2021-03-22T19:33:08","slug":"la-vii-edicion-del-premio-literario-infantil-narrating-equality-abierta","status":"publish","type":"post","link":"https:\/\/editorial.trevenque.es\/mx\/la-vii-edicion-del-premio-literario-infantil-narrating-equality-abierta\/","title":{"rendered":"La VII Edici\u00f3n del Premio Literario Infantil Narrating Equality, abierta"},"content":{"rendered":"<p>La igualdad es una meta que se alcanza trabajando desde abajo. Desde las primeras lecturas y cuentos que compartimos con los m\u00e1s peque\u00f1os. Por ello, la asociaci\u00f3n italiana Woman To Be cre\u00f3 en el a\u00f1o 2012 un concurso para premiar los libros infantiles que favorecen las relaciones de g\u00e9nero equilibradas. Se trata del <strong>Premio Literario Infantil Narrating Equality<\/strong>, y este 2021 ya ha abierto su s\u00e9ptima edici\u00f3n.<\/p>\n<p>Al respecto, nos alegra especialmente que nuestros amigos de NubeOcho Ediciones participen de forma esencial en este proyecto. Esta editorial, que presta una especial atenci\u00f3n a la igualdad, se encarga de publicar la obra galardonada en este concurso. Los interesados en participar en este Premio Literario Infantil Narrating Equality <strong>tienen de plazo hasta el 25 de abril para presentar sus trabajos<\/strong>. \u00c9stos, adem\u00e1s, pueden ir escritos en espa\u00f1ol, italiano o ingl\u00e9s.<\/p>\n<h3>Meditar sobre el lenguaje<\/h3>\n<p>Los cuentos que participen deber\u00e1n ofrecer <strong>modelos femeninos y masculinos alternativos y nuevas relaciones de g\u00e9nero<\/strong>. \u00c9stos, adem\u00e1s, deber\u00e1n basarse en la intercambiabilidad de roles y en los rasgos psicol\u00f3gicos y comportamentales de ambos sexos. Se valorar\u00e1 tambi\u00e9n, entre otros aspectos, meditar sobre el lenguaje. La idea es que esto se haga evitando usar estereotipos sexistas para lograr el car\u00e1cter neutro de la comunicaci\u00f3n.<\/p>\n<p><img loading=\"lazy\" decoding=\"async\" class=\"size-full wp-image-2753 aligncenter\" src=\"https:\/\/editorial.trevenque.es\/wp-content\/uploads\/2021\/03\/narrating-equality.jpg\" alt=\"La VII Edici\u00f3n del Premio Literario Infantil Narrating Equality, abierta\" width=\"390\" height=\"396\" srcset=\"https:\/\/editorial.trevenque.es\/wp-content\/uploads\/2021\/03\/narrating-equality-66x66.jpg 66w, https:\/\/editorial.trevenque.es\/wp-content\/uploads\/2021\/03\/narrating-equality-200x203.jpg 200w, https:\/\/editorial.trevenque.es\/wp-content\/uploads\/2021\/03\/narrating-equality-295x300.jpg 295w, https:\/\/editorial.trevenque.es\/wp-content\/uploads\/2021\/03\/narrating-equality.jpg 390w\" sizes=\"auto, (max-width: 390px) 100vw, 390px\" \/><\/p>\n<p>El texto presentado deber\u00e1 ser id\u00f3neo para ser publicado como \u00e1lbum ilustrado y dirigirse a un <strong>grupo de edad de entre 3 y 8 a\u00f1os<\/strong>. Otro requisito es que no puede superar los 2.500 caracteres (espacios incluidos). La decisi\u00f3n sobre la obra ganadora y los finalistas tendr\u00e1 lugar el 10 de mayo, mientras que el resultado se publicar\u00e1 en <a href=\"http:\/\/www.narratingequality.com\" target=\"_blank\" rel=\"noopener\">www.narratingequality.com<\/a>. Por otra parte, la publicaci\u00f3n y presentaci\u00f3n oficial de la obra premiada, por cuyo autor recibir\u00e1 1.000 euros, se har\u00e1 en marzo de 2022. \u00bfTe interesa participar? <a href=\"http:\/\/nubeocho.com\/images\/pdf\/ESPnarratingequality21.pdf\" target=\"_blank\" rel=\"noopener\">Aqu\u00ed tienes las bases completas del concurso<\/a>.<\/p>\n","protected":false},"excerpt":{"rendered":"<p>La igualdad es una meta que se alcanza trabajando desde abajo. Desde las primeras lecturas y cuentos que compartimos con los m\u00e1s peque\u00f1os. Por ello, [&hellip;]<\/p>\n","protected":false},"author":14,"featured_media":2753,"comment_status":"open","ping_status":"open","sticky":false,"template":"","format":"standard","meta":{"_acf_changed":false,"footnotes":""},"categories":[],"tags":[71,58,72],"class_list":["post-2752","post","type-post","status-publish","format-standard","has-post-thumbnail","hentry","tag-concursos","tag-editoriales","tag-literatura-infantil"],"acf":[],"_links":{"self":[{"href":"https:\/\/editorial.trevenque.es\/mx\/wp-json\/wp\/v2\/posts\/2752","targetHints":{"allow":["GET"]}}],"collection":[{"href":"https:\/\/editorial.trevenque.es\/mx\/wp-json\/wp\/v2\/posts"}],"about":[{"href":"https:\/\/editorial.trevenque.es\/mx\/wp-json\/wp\/v2\/types\/post"}],"author":[{"embeddable":true,"href":"https:\/\/editorial.trevenque.es\/mx\/wp-json\/wp\/v2\/users\/14"}],"replies":[{"embeddable":true,"href":"https:\/\/editorial.trevenque.es\/mx\/wp-json\/wp\/v2\/comments?post=2752"}],"version-history":[{"count":3,"href":"https:\/\/editorial.trevenque.es\/mx\/wp-json\/wp\/v2\/posts\/2752\/revisions"}],"predecessor-version":[{"id":2757,"href":"https:\/\/editorial.trevenque.es\/mx\/wp-json\/wp\/v2\/posts\/2752\/revisions\/2757"}],"wp:featuredmedia":[{"embeddable":true,"href":"https:\/\/editorial.trevenque.es\/mx\/wp-json\/wp\/v2\/media\/2753"}],"wp:attachment":[{"href":"https:\/\/editorial.trevenque.es\/mx\/wp-json\/wp\/v2\/media?parent=2752"}],"wp:term":[{"taxonomy":"category","embeddable":true,"href":"https:\/\/editorial.trevenque.es\/mx\/wp-json\/wp\/v2\/categories?post=2752"},{"taxonomy":"post_tag","embeddable":true,"href":"https:\/\/editorial.trevenque.es\/mx\/wp-json\/wp\/v2\/tags?post=2752"}],"curies":[{"name":"wp","href":"https:\/\/api.w.org\/{rel}","templated":true}]}}