{"id":2745,"date":"2021-03-02T11:25:13","date_gmt":"2021-03-02T11:25:13","guid":{"rendered":"https:\/\/editorial.trevenque.es\/?p=2745"},"modified":"2021-03-02T11:25:13","modified_gmt":"2021-03-02T11:25:13","slug":"queda-demostrado-el-confinamiento-aumento-los-indices-de-lectura-en-espana","status":"publish","type":"post","link":"https:\/\/editorial.trevenque.es\/mx\/queda-demostrado-el-confinamiento-aumento-los-indices-de-lectura-en-espana\/","title":{"rendered":"Queda demostrado: El confinamiento aument\u00f3 los \u00edndices de lectura en Espa\u00f1a"},"content":{"rendered":"<p>Todos lo sospech\u00e1bamos, pero a\u00fan faltaba el dato real. Y ya lo tenemos. Uno de los escasos efectos positivos del confinamiento se dio sobre los <strong>\u00edndices de lectura en Espa\u00f1a<\/strong>, que crecieron durante el pasado a\u00f1o. As\u00ed se constata en el\u00a0<strong>Bar\u00f3metro de H\u00e1bitos de Lectura y Compra de Libros en Espa\u00f1a<\/strong>. Su edici\u00f3n sobre 2020 fue presentada la pasada semana por\u00a0el Ministro de Cultura y Deporte, Jos\u00e9 Manuel Rodr\u00edguez Uribes, y el presidente en funciones de la Federaci\u00f3n de Gremios de Editores de Espa\u00f1a (FGEE), Patrici Tixis.<\/p>\n<p>As\u00ed, en 2020\u00a0<strong>el 68,8% de la poblaci\u00f3n espa\u00f1ola ley\u00f3 libros<\/strong>, un 0,3% m\u00e1s que en 2019. No es \u00e9se el dato m\u00e1s alentador, en cualquier caso. M\u00e1s destacable es que el n\u00famero de personas que recurren a la lectura en su tiempo libre, y no por obligaci\u00f3n, ha pasado del 62,2% en 2019 al 64% en 2020. Adem\u00e1s, <strong>los lectores que leen de forma frecuente<\/strong> (diariamente o al menos una vez a la semana), <strong>han crecido desde el 50% al 52,7%<\/strong>. De hecho, durante los meses de confinamiento, ese porcentaje lleg\u00f3 a ser del 57%.<\/p>\n<p><img loading=\"lazy\" decoding=\"async\" class=\"alignnone size-full wp-image-2746\" src=\"https:\/\/editorial.trevenque.es\/wp-content\/uploads\/2021\/03\/indices-lectura.jpg\" alt=\"Queda demostrado: El confinamiento aument\u00f3 los \u00edndices de lectura en Espa\u00f1a\" width=\"960\" height=\"606\" srcset=\"https:\/\/editorial.trevenque.es\/wp-content\/uploads\/2021\/03\/indices-lectura-200x126.jpg 200w, https:\/\/editorial.trevenque.es\/wp-content\/uploads\/2021\/03\/indices-lectura-300x189.jpg 300w, https:\/\/editorial.trevenque.es\/wp-content\/uploads\/2021\/03\/indices-lectura-320x202.jpg 320w, https:\/\/editorial.trevenque.es\/wp-content\/uploads\/2021\/03\/indices-lectura-400x253.jpg 400w, https:\/\/editorial.trevenque.es\/wp-content\/uploads\/2021\/03\/indices-lectura-600x379.jpg 600w, https:\/\/editorial.trevenque.es\/wp-content\/uploads\/2021\/03\/indices-lectura-700x441.jpg 700w, https:\/\/editorial.trevenque.es\/wp-content\/uploads\/2021\/03\/indices-lectura-768x485.jpg 768w, https:\/\/editorial.trevenque.es\/wp-content\/uploads\/2021\/03\/indices-lectura-800x505.jpg 800w, https:\/\/editorial.trevenque.es\/wp-content\/uploads\/2021\/03\/indices-lectura.jpg 960w\" sizes=\"auto, (max-width: 960px) 100vw, 960px\" \/><\/p>\n<p>Desde una perspectiva regional, este aumento del n\u00famero de lectores por ocio en tiempo libre fue generalizado en toda Espa\u00f1a. Aunque no se produjo en la misma medida. Por ejemplo,\u00a0fue mayor en <strong>Catalu\u00f1a y Andaluc\u00eda, con una crecida de 2,3 puntos frente a 2019.<\/strong>\u00a0Pero no pas\u00f3 de 0,7 puntos en Baleares y 0,8 en Castilla y Le\u00f3n.<\/p>\n<h3>Diferencias regionales<\/h3>\n<p>Ese desequilibrio se acent\u00faa si vemos los n\u00fameros generales. <strong>De Madrid, donde el porcentaje de lectores por ocio en su tiempo libre es del 73,8%, a Extremadura, donde el \u00edndice se queda en el 53,9%<\/strong>, media un importante trecho.\u00a0Respecto al nivel de estudios, el 85,7% de la poblaci\u00f3n con estudios universitarios lee en su tiempo libre. Ese porcentaje baja al 39,6% en el caso de los habitantes que solo han cursado educaci\u00f3n primaria. Y respecto al sexo, las mujeres leen m\u00e1s que los hombres en su tiempo libre.<\/p>\n<p>Por \u00faltimo, durante 2020, <strong>un 71,1% de los compradores de libros eligieron a librer\u00edas para adquirir sus ejemplares. <\/strong>Este\u00a0canal de compra creci\u00f3 un 3,6% respecto a 2019. En definitiva, una estad\u00edstica que demuestra que las librer\u00edas de siempre siguen siendo fundamentales para el fomento de la lectura.<\/p>\n<p><a href=\"https:\/\/www.federacioneditores.org\/img\/documentos\/260221-notasprensa.pdf\" target=\"_blank\" rel=\"noopener\">Aqu\u00ed puedes consultar el informe completo.<\/a><\/p>\n","protected":false},"excerpt":{"rendered":"<p>Todos lo sospech\u00e1bamos, pero a\u00fan faltaba el dato real. Y ya lo tenemos. Uno de los escasos efectos positivos del confinamiento se dio sobre los [&hellip;]<\/p>\n","protected":false},"author":14,"featured_media":2746,"comment_status":"open","ping_status":"open","sticky":false,"template":"","format":"standard","meta":{"_acf_changed":false,"footnotes":""},"categories":[],"tags":[62,70,47],"class_list":["post-2745","post","type-post","status-publish","format-standard","has-post-thumbnail","hentry","tag-covid-19","tag-lectura","tag-librerias"],"acf":[],"_links":{"self":[{"href":"https:\/\/editorial.trevenque.es\/mx\/wp-json\/wp\/v2\/posts\/2745","targetHints":{"allow":["GET"]}}],"collection":[{"href":"https:\/\/editorial.trevenque.es\/mx\/wp-json\/wp\/v2\/posts"}],"about":[{"href":"https:\/\/editorial.trevenque.es\/mx\/wp-json\/wp\/v2\/types\/post"}],"author":[{"embeddable":true,"href":"https:\/\/editorial.trevenque.es\/mx\/wp-json\/wp\/v2\/users\/14"}],"replies":[{"embeddable":true,"href":"https:\/\/editorial.trevenque.es\/mx\/wp-json\/wp\/v2\/comments?post=2745"}],"version-history":[{"count":1,"href":"https:\/\/editorial.trevenque.es\/mx\/wp-json\/wp\/v2\/posts\/2745\/revisions"}],"predecessor-version":[{"id":2748,"href":"https:\/\/editorial.trevenque.es\/mx\/wp-json\/wp\/v2\/posts\/2745\/revisions\/2748"}],"wp:featuredmedia":[{"embeddable":true,"href":"https:\/\/editorial.trevenque.es\/mx\/wp-json\/wp\/v2\/media\/2746"}],"wp:attachment":[{"href":"https:\/\/editorial.trevenque.es\/mx\/wp-json\/wp\/v2\/media?parent=2745"}],"wp:term":[{"taxonomy":"category","embeddable":true,"href":"https:\/\/editorial.trevenque.es\/mx\/wp-json\/wp\/v2\/categories?post=2745"},{"taxonomy":"post_tag","embeddable":true,"href":"https:\/\/editorial.trevenque.es\/mx\/wp-json\/wp\/v2\/tags?post=2745"}],"curies":[{"name":"wp","href":"https:\/\/api.w.org\/{rel}","templated":true}]}}