{"id":2741,"date":"2021-02-25T10:52:32","date_gmt":"2021-02-25T10:52:32","guid":{"rendered":"https:\/\/editorial.trevenque.es\/?p=2741"},"modified":"2021-02-25T10:52:32","modified_gmt":"2021-02-25T10:52:32","slug":"bienvenidas-librerias-estas-son-algunas-de-las-nuevas-usuarias-de-geslib","status":"publish","type":"post","link":"https:\/\/editorial.trevenque.es\/mx\/bienvenidas-librerias-estas-son-algunas-de-las-nuevas-usuarias-de-geslib\/","title":{"rendered":"\u00a1Bienvenidas, librer\u00edas! \u00c9stas son algunas de las nuevas usuarias de Geslib"},"content":{"rendered":"<p>Se nos va terminando febrero, y antes de que acabe queremos hacer un repaso de las <strong>nuevas incorporaciones a <a href=\"https:\/\/editorial.trevenque.es\/productos\/geslib\/\">Geslib<\/a><\/strong>. No son ni mucho menos todos los clientes que ha sumado nuestro sistema de gesti\u00f3n para librer\u00edas en este mes. Pero s\u00ed nos parecen las m\u00e1s destacables, por diferentes razones que os pasamos a relatar.<\/p>\n<p><strong>Librer\u00eda Railowsky<\/strong>: Emblem\u00e1tica librer\u00eda de Valencia,\u00a0especializada en libros de imagen y comunicaci\u00f3n en su sede de la capital desde 1985.\u00a0En 1997 abrieron un <a href=\"https:\/\/www.facebook.com\/libreria.railowskymoncada\" target=\"_blank\" rel=\"noopener\">nuevo establecimiento en Moncada<\/a>, que tiene un marcado car\u00e1cter universitario. Esperamos que nuestro Geslib les ayude a seguir creciendo en sus dos sedes.<\/p>\n<p><strong>Librer\u00eda Garabatos<\/strong>: Se encuentra en Medina de Pomar (Burgos). Adem\u00e1s de libros, tambi\u00e9n venden peri\u00f3dicos, art\u00edculos de papeler\u00eda y bellas artes&#8230; Y ya cuentan con Geslib para hacer m\u00e1s f\u00e1cil su d\u00eda a d\u00eda.<\/p>\n<p><img loading=\"lazy\" decoding=\"async\" class=\"alignnone size-full wp-image-2742\" src=\"https:\/\/editorial.trevenque.es\/wp-content\/uploads\/2021\/02\/tremenda-libreria.jpg\" alt=\"Tremenda Librer\u00eda, una de las nuevas librer\u00edas que ya est\u00e1 empleando Geslib\" width=\"2048\" height=\"1388\" srcset=\"https:\/\/editorial.trevenque.es\/wp-content\/uploads\/2021\/02\/tremenda-libreria-200x136.jpg 200w, https:\/\/editorial.trevenque.es\/wp-content\/uploads\/2021\/02\/tremenda-libreria-300x203.jpg 300w, https:\/\/editorial.trevenque.es\/wp-content\/uploads\/2021\/02\/tremenda-libreria-400x271.jpg 400w, https:\/\/editorial.trevenque.es\/wp-content\/uploads\/2021\/02\/tremenda-libreria-600x407.jpg 600w, https:\/\/editorial.trevenque.es\/wp-content\/uploads\/2021\/02\/tremenda-libreria-768x521.jpg 768w, https:\/\/editorial.trevenque.es\/wp-content\/uploads\/2021\/02\/tremenda-libreria-800x542.jpg 800w, https:\/\/editorial.trevenque.es\/wp-content\/uploads\/2021\/02\/tremenda-libreria-1024x694.jpg 1024w, https:\/\/editorial.trevenque.es\/wp-content\/uploads\/2021\/02\/tremenda-libreria-1200x813.jpg 1200w, https:\/\/editorial.trevenque.es\/wp-content\/uploads\/2021\/02\/tremenda-libreria.jpg 2048w\" sizes=\"auto, (max-width: 2048px) 100vw, 2048px\" \/><\/p>\n<p><strong>Tremenda Librer\u00eda<\/strong>: <a href=\"https:\/\/www.facebook.com\/tremendalibreria\/\" target=\"_blank\" rel=\"noopener\">Librer\u00eda peque\u00f1a ubicada en el barrio del Realejo, en Granada<\/a>. All\u00ed se puede\u00a0encontrar todo tipo de literatura ,aunque hacen especial hincapi\u00e9 en editoriales peque\u00f1as y autores y autoras de esta capital.\u00a0Esperamos que nuestro sistema les resulte de mucha utilidad.<\/p>\n<p>&nbsp;<\/p>\n","protected":false},"excerpt":{"rendered":"<p>Se nos va terminando febrero, y antes de que acabe queremos hacer un repaso de las nuevas incorporaciones a Geslib. No son ni mucho menos [&hellip;]<\/p>\n","protected":false},"author":14,"featured_media":2742,"comment_status":"open","ping_status":"open","sticky":false,"template":"","format":"standard","meta":{"_acf_changed":false,"footnotes":""},"categories":[],"tags":[50,47,69],"class_list":["post-2741","post","type-post","status-publish","format-standard","has-post-thumbnail","hentry","tag-geslib","tag-librerias","tag-nuevos-clientes-de-geslib"],"acf":[],"_links":{"self":[{"href":"https:\/\/editorial.trevenque.es\/mx\/wp-json\/wp\/v2\/posts\/2741","targetHints":{"allow":["GET"]}}],"collection":[{"href":"https:\/\/editorial.trevenque.es\/mx\/wp-json\/wp\/v2\/posts"}],"about":[{"href":"https:\/\/editorial.trevenque.es\/mx\/wp-json\/wp\/v2\/types\/post"}],"author":[{"embeddable":true,"href":"https:\/\/editorial.trevenque.es\/mx\/wp-json\/wp\/v2\/users\/14"}],"replies":[{"embeddable":true,"href":"https:\/\/editorial.trevenque.es\/mx\/wp-json\/wp\/v2\/comments?post=2741"}],"version-history":[{"count":1,"href":"https:\/\/editorial.trevenque.es\/mx\/wp-json\/wp\/v2\/posts\/2741\/revisions"}],"predecessor-version":[{"id":2744,"href":"https:\/\/editorial.trevenque.es\/mx\/wp-json\/wp\/v2\/posts\/2741\/revisions\/2744"}],"wp:featuredmedia":[{"embeddable":true,"href":"https:\/\/editorial.trevenque.es\/mx\/wp-json\/wp\/v2\/media\/2742"}],"wp:attachment":[{"href":"https:\/\/editorial.trevenque.es\/mx\/wp-json\/wp\/v2\/media?parent=2741"}],"wp:term":[{"taxonomy":"category","embeddable":true,"href":"https:\/\/editorial.trevenque.es\/mx\/wp-json\/wp\/v2\/categories?post=2741"},{"taxonomy":"post_tag","embeddable":true,"href":"https:\/\/editorial.trevenque.es\/mx\/wp-json\/wp\/v2\/tags?post=2741"}],"curies":[{"name":"wp","href":"https:\/\/api.w.org\/{rel}","templated":true}]}}