{"id":2727,"date":"2021-02-01T09:14:33","date_gmt":"2021-02-01T09:14:33","guid":{"rendered":"https:\/\/editorial.trevenque.es\/?p=2727"},"modified":"2021-02-01T09:14:33","modified_gmt":"2021-02-01T09:14:33","slug":"que-puede-esperar-el-sector-editorial-en-2021-algunas-indicaciones-desde-eeuu","status":"publish","type":"post","link":"https:\/\/editorial.trevenque.es\/mx\/que-puede-esperar-el-sector-editorial-en-2021-algunas-indicaciones-desde-eeuu\/","title":{"rendered":"\u00bfQu\u00e9 puede esperar el sector editorial en 2021? Algunas indicaciones desde EEUU"},"content":{"rendered":"<p>Ya est\u00e1 en marcha 2021 y todos nos preguntamos cu\u00e1ndo dejaremos atr\u00e1s la pesadilla del COVID-19. Sin embargo, la pandemia sigue con nosotros, y en estas circunstancias, casi un a\u00f1o despu\u00e9s de su llegada, contin\u00faa influyendo en la econom\u00eda de forma determinante. <strong>\u00bfC\u00f3mo lo est\u00e1 haciendo en el sector editorial, por ejemplo? \u00bfQu\u00e9 h\u00e1bitos est\u00e1n cambiando en los lectores y en su relaci\u00f3n con los libros?<\/strong> Desde Estados Unidos, los expertos en el sector Cliff Guren, Thad McIlroy y Steve Sieck publicaron a comienzos de mes un <a href=\"https:\/\/thefutureofpublishing.com\/new\/wp-content\/uploads\/2021\/01\/COVID-19_and_Book_Publishing-FINAL.pdf\" target=\"_blank\" rel=\"noopener\">an\u00e1lisis sobre el COVID-19 y el mundo editorial<\/a> del que se pueden extraer interesantes conclusiones (y tambi\u00e9n preguntas):<\/p>\n<ol>\n<li>Los consumidores, en general, han adoptado <strong>nuevas perspectivas en relaci\u00f3n con d\u00f3nde y c\u00f3mo gestionan su entretenimiento<\/strong>, y lo que pueden comprar con el dinero que destinan a ello. Seg\u00fan este an\u00e1lisis, las editoriales deben tener mucho cuidado con las se\u00f1ales que indican una mayor sensibilidad a los precios por parte de los lectores. Adem\u00e1s, deber\u00edan aprovechar las oportunidades para experimentar modelos de negocio alternativos, lo que podr\u00eda incluir nuevas ofertas de suscripci\u00f3n.<\/li>\n<li>Muchos usuarios <strong>ven ahora a las peque\u00f1as librer\u00edas independientes en sus vecindarios como sus lugares favoritos para comprar<\/strong>. Esto es un gran augurio para esas librer\u00edas de barrio o de peque\u00f1os municipios. Al mismo tiempo, queda la duda de si otro de los cambios ocasionados por la pandemia, el del gran aumento de la compra online, es una tendencia que persistir\u00e1 tras la extensi\u00f3n de las vacunas. Tambi\u00e9n resta la cuesti\u00f3n de si las librer\u00edas independientes pueden hacerse con una mayor cuota de este mercado online en auge frente a gigantes como Amazon.<\/li>\n<li>La fortaleza de la industria editorial en 2020 se ha sostenido, en parte, por el <strong>impacto social que ha tenido la limitaci\u00f3n de movilidad<\/strong>. La gente ha buscado cosas que hacer para rellenar tanto tiempo libre, y para mantener a sus hijos entretenidos de una forma educativa. En este sentido, los libros se han antojado como una soluci\u00f3n perfecta para ambos prop\u00f3sitos. Conforme vaya recuper\u00e1ndose la movilidad de anta\u00f1o, \u00bfcabe esperar una bajada en esa visi\u00f3n social sobre la lectura?<\/li>\n<li>Teniendo en cuenta que las ventas editoriales crecieron en un contexto de ca\u00edda general de la econom\u00eda durante 2020, si \u00e9sta se recupera en 2021, eso podr\u00eda estimular a\u00fan m\u00e1s el crecimiento del sector. Sin embargo, incluso aunque la econom\u00eda general no termine de levantar cabeza, <strong>las ventas editoriales se han mostrado hist\u00f3ricamente como muy resistentes ante panoramas econ\u00f3micos en declive<\/strong>.<\/li>\n<li>\u00bfC\u00f3mo estar\u00e1 el sector cuando acabe 2021? Quiz\u00e1, no muy diferente a como se encuentra ahora. <strong>El verdadero cambio est\u00e1 en lo digital<\/strong>.<\/li>\n<\/ol>\n<p>Os recordamos que pod\u00e9is leer el an\u00e1lisis completo, en ingl\u00e9s, <a href=\"https:\/\/thefutureofpublishing.com\/new\/wp-content\/uploads\/2021\/01\/COVID-19_and_Book_Publishing-FINAL.pdf\" target=\"_blank\" rel=\"noopener\">aqu\u00ed<\/a>.<\/p>\n","protected":false},"excerpt":{"rendered":"<p>Ya est\u00e1 en marcha 2021 y todos nos preguntamos cu\u00e1ndo dejaremos atr\u00e1s la pesadilla del COVID-19. Sin embargo, la pandemia sigue con nosotros, y en [&hellip;]<\/p>\n","protected":false},"author":14,"featured_media":2728,"comment_status":"open","ping_status":"open","sticky":false,"template":"","format":"standard","meta":{"_acf_changed":false,"footnotes":""},"categories":[],"tags":[58,47],"class_list":["post-2727","post","type-post","status-publish","format-standard","has-post-thumbnail","hentry","tag-editoriales","tag-librerias"],"acf":[],"_links":{"self":[{"href":"https:\/\/editorial.trevenque.es\/mx\/wp-json\/wp\/v2\/posts\/2727","targetHints":{"allow":["GET"]}}],"collection":[{"href":"https:\/\/editorial.trevenque.es\/mx\/wp-json\/wp\/v2\/posts"}],"about":[{"href":"https:\/\/editorial.trevenque.es\/mx\/wp-json\/wp\/v2\/types\/post"}],"author":[{"embeddable":true,"href":"https:\/\/editorial.trevenque.es\/mx\/wp-json\/wp\/v2\/users\/14"}],"replies":[{"embeddable":true,"href":"https:\/\/editorial.trevenque.es\/mx\/wp-json\/wp\/v2\/comments?post=2727"}],"version-history":[{"count":1,"href":"https:\/\/editorial.trevenque.es\/mx\/wp-json\/wp\/v2\/posts\/2727\/revisions"}],"predecessor-version":[{"id":2730,"href":"https:\/\/editorial.trevenque.es\/mx\/wp-json\/wp\/v2\/posts\/2727\/revisions\/2730"}],"wp:featuredmedia":[{"embeddable":true,"href":"https:\/\/editorial.trevenque.es\/mx\/wp-json\/wp\/v2\/media\/2728"}],"wp:attachment":[{"href":"https:\/\/editorial.trevenque.es\/mx\/wp-json\/wp\/v2\/media?parent=2727"}],"wp:term":[{"taxonomy":"category","embeddable":true,"href":"https:\/\/editorial.trevenque.es\/mx\/wp-json\/wp\/v2\/categories?post=2727"},{"taxonomy":"post_tag","embeddable":true,"href":"https:\/\/editorial.trevenque.es\/mx\/wp-json\/wp\/v2\/tags?post=2727"}],"curies":[{"name":"wp","href":"https:\/\/api.w.org\/{rel}","templated":true}]}}