{"id":2723,"date":"2021-01-27T18:15:52","date_gmt":"2021-01-27T18:15:52","guid":{"rendered":"https:\/\/editorial.trevenque.es\/?p=2723"},"modified":"2021-01-27T18:15:52","modified_gmt":"2021-01-27T18:15:52","slug":"mas-detalles-sobre-el-acuerdo-para-la-digitalizacion-de-las-librerias","status":"publish","type":"post","link":"https:\/\/editorial.trevenque.es\/mx\/mas-detalles-sobre-el-acuerdo-para-la-digitalizacion-de-las-librerias\/","title":{"rendered":"M\u00e1s detalles sobre el acuerdo para la digitalizaci\u00f3n de las librer\u00edas"},"content":{"rendered":"<p>El mes pasado, conoc\u00edamos que <a href=\"https:\/\/editorial.trevenque.es\/acuerdo-para-impulsar-la-digitalizacion-de-las-librerias-de-proximidad\/\">Correos y el Ministerio de Cultura y Deporte hab\u00edan llegado a un acuerdo para favorecer la digitalizaci\u00f3n de las librer\u00edas de proximidad<\/a>. Recientemente, <a href=\"https:\/\/www.boe.es\/diario_boe\/txt.php?id=BOE-A-2021-657&amp;s=09\" target=\"_blank\" rel=\"noopener\">el BOE ha publicado este convenio<\/a>, y <strong>ya podemos acceder a todos sus t\u00e9rminos y condiciones<\/strong>.<\/p>\n<p>En primer lugar, es fundamental saber qu\u00e9 tipo de librer\u00edas se pueden acoger a los beneficios de este acuerdo. Para empezar, deben contar con <strong>un establecimiento f\u00edsico abierto al p\u00fablico general<\/strong> (lo que deja fuera a las que solo vendan de manera online).<\/p>\n<p>Adem\u00e1s, su actividad principal tiene que ser la <strong>venta de libros nuevos al por menor<\/strong> (debe suponer al menos el 60% de su facturaci\u00f3n), quedando excluidas las de segunda mano. Y <strong>tampoco pueden pertenecer a grandes cadenas<\/strong>, de forma que si se cuenta con m\u00e1s de 25 establecimientos, ya no se puede acceder a este convenio.<\/p>\n<h3>Cada parte<\/h3>\n<p>\u00bfQu\u00e9 aporta <a href=\"https:\/\/www.correos.es\/es\/es\/particulares\" target=\"_blank\" rel=\"noopener\">Correos<\/a> a este acuerdo? Sus <strong>herramientas para la digitalizaci\u00f3n y prestaci\u00f3n de sus servicios log\u00edsticos y de paqueter\u00eda<\/strong>. A las librer\u00edas con las que llegue un acuerdo, les ofrecer\u00e1 un precio fijo, independientemente de su tama\u00f1o. \u00bfY qu\u00e9 a\u00f1ade el <a href=\"https:\/\/www.culturaydeporte.gob.es\/portada.html\" target=\"_blank\" rel=\"noopener\">Ministerio de Cultura y Deporte<\/a>? En esencia, la difusi\u00f3n y promoci\u00f3n de todos los servicios que ofrece Correos a las librer\u00edas, adem\u00e1s de facilitar directamente a \u00e9stas toda la informaci\u00f3n en torno a estos servicios log\u00edsticos.<\/p>\n<p>El acuerdo tiene una duraci\u00f3n de un m\u00e1ximo de cuatro a\u00f1os, que pueden prorrogarse o acabarse antes si as\u00ed lo acuerdan antes Correos y el Ministerio de forma un\u00e1nime. A partir de ahora, comprobaremos qu\u00e9 efectos tiene este acuerdo y cu\u00e1ntas librer\u00edas se adhieren a esta oferta. <a href=\"https:\/\/librerias.correos.es\/solicitud\" target=\"_blank\" rel=\"noopener\">Aqu\u00ed tienes la plataforma habilitada por Correos de cara a las librer\u00edas interesadas<\/a>.<\/p>\n","protected":false},"excerpt":{"rendered":"<p>El mes pasado, conoc\u00edamos que Correos y el Ministerio de Cultura y Deporte hab\u00edan llegado a un acuerdo para favorecer la digitalizaci\u00f3n de las librer\u00edas [&hellip;]<\/p>\n","protected":false},"author":14,"featured_media":2724,"comment_status":"open","ping_status":"open","sticky":false,"template":"","format":"standard","meta":{"_acf_changed":false,"footnotes":""},"categories":[],"tags":[],"class_list":["post-2723","post","type-post","status-publish","format-standard","has-post-thumbnail","hentry"],"acf":[],"_links":{"self":[{"href":"https:\/\/editorial.trevenque.es\/mx\/wp-json\/wp\/v2\/posts\/2723","targetHints":{"allow":["GET"]}}],"collection":[{"href":"https:\/\/editorial.trevenque.es\/mx\/wp-json\/wp\/v2\/posts"}],"about":[{"href":"https:\/\/editorial.trevenque.es\/mx\/wp-json\/wp\/v2\/types\/post"}],"author":[{"embeddable":true,"href":"https:\/\/editorial.trevenque.es\/mx\/wp-json\/wp\/v2\/users\/14"}],"replies":[{"embeddable":true,"href":"https:\/\/editorial.trevenque.es\/mx\/wp-json\/wp\/v2\/comments?post=2723"}],"version-history":[{"count":1,"href":"https:\/\/editorial.trevenque.es\/mx\/wp-json\/wp\/v2\/posts\/2723\/revisions"}],"predecessor-version":[{"id":2726,"href":"https:\/\/editorial.trevenque.es\/mx\/wp-json\/wp\/v2\/posts\/2723\/revisions\/2726"}],"wp:featuredmedia":[{"embeddable":true,"href":"https:\/\/editorial.trevenque.es\/mx\/wp-json\/wp\/v2\/media\/2724"}],"wp:attachment":[{"href":"https:\/\/editorial.trevenque.es\/mx\/wp-json\/wp\/v2\/media?parent=2723"}],"wp:term":[{"taxonomy":"category","embeddable":true,"href":"https:\/\/editorial.trevenque.es\/mx\/wp-json\/wp\/v2\/categories?post=2723"},{"taxonomy":"post_tag","embeddable":true,"href":"https:\/\/editorial.trevenque.es\/mx\/wp-json\/wp\/v2\/tags?post=2723"}],"curies":[{"name":"wp","href":"https:\/\/api.w.org\/{rel}","templated":true}]}}