{"id":2685,"date":"2020-11-04T10:39:23","date_gmt":"2020-11-04T10:39:23","guid":{"rendered":"https:\/\/editorial.trevenque.es\/?p=2685"},"modified":"2020-11-04T10:39:23","modified_gmt":"2020-11-04T10:39:23","slug":"culminamos-un-proyecto-muy-especial-el-del-servicio-de-publicaciones-del-ministerio-de-cultura-y-deporte","status":"publish","type":"post","link":"https:\/\/editorial.trevenque.es\/mx\/culminamos-un-proyecto-muy-especial-el-del-servicio-de-publicaciones-del-ministerio-de-cultura-y-deporte\/","title":{"rendered":"Culminamos un proyecto muy especial: el del servicio de publicaciones del Ministerio de Cultura y Deporte"},"content":{"rendered":"<p>A finales del pasado mes de octubre, se public\u00f3 la nueva web del <a href=\"http:\/\/www.libreria.culturaydeporte.gob.es\/\" target=\"_blank\" rel=\"noopener\">servicio de publicaciones del Ministerio de Cultura y Deporte<\/a>. <strong>Un proyecto en el que hemos trabajado desde Trevenque Group<\/strong> con la integraci\u00f3n de nuestras herramientas para editoriales <a href=\"https:\/\/editorial.trevenque.es\/productos\/gesedi\/\">Gesedi<\/a> y <a href=\"https:\/\/editorial.trevenque.es\/productos\/webedi\/\">Webedi<\/a>. La publicaci\u00f3n de esta p\u00e1gina es la culminaci\u00f3n de un proceso que se inici\u00f3 a comienzos de 2019.<\/p>\n<p>Fue entonces cuando se mantuvieron los primeros contactos entre el servicio de publicaciones del Ministerio y nuestro departamento editorial. Estos contactos se tradujeron en el inicio de un proceso de consultor\u00eda para conocer y solventar ciertas carencias que se observaban en sus sistemas de gesti\u00f3n y de web. Las conversaciones culminaron con la <strong>integraci\u00f3n de Gesedi y Webedi como herramientas para el servicio de publicaciones<\/strong>.<\/p>\n<h3>Control absoluto<\/h3>\n<p>Gesedi ayuda en toda el \u00e1rea interna de gesti\u00f3n del servicio de publicaciones. Les permite, adem\u00e1s, el <strong>control absoluto sobre todos los procedimientos sujetos a la distribuci\u00f3n como a la producci\u00f3n editorial<\/strong>. Instalado en la infraestructura de <a href=\"https:\/\/www.cloudcenterandalucia.es\/\" target=\"_blank\" rel=\"noopener\">Cloud Center Andaluc\u00eda<\/a>, facilita el acceso externo de los usuarios del servicio sin que estos tengan que disponer del software en sus ordenadores.<\/p>\n<p>Webedi, am\u00e9n de contar con un <strong>completo gestor para generar m\u00faltiples contenidos para la web con suma facilidad<\/strong>, tambi\u00e9n permite la venta online de todas las publicaciones adscritas al ministerio y las descargas de contenidos digitales. Culminamos as\u00ed un proyecto de Gesedi y Webedi muy especial para nosotros, y que esperamos que al Ministerio de Cultura y Deporte le resulte de mucho \u00e9xito.<\/p>\n<p><img loading=\"lazy\" decoding=\"async\" class=\"alignnone size-full wp-image-2686\" src=\"https:\/\/editorial.trevenque.es\/wp-content\/uploads\/2020\/11\/web-ministerio-cultura.jpg\" alt=\"Nueva web del servicio de publicaciones del Ministerio de Cultura y Deporte\" width=\"1320\" height=\"614\" srcset=\"https:\/\/editorial.trevenque.es\/wp-content\/uploads\/2020\/11\/web-ministerio-cultura-200x93.jpg 200w, https:\/\/editorial.trevenque.es\/wp-content\/uploads\/2020\/11\/web-ministerio-cultura-300x140.jpg 300w, https:\/\/editorial.trevenque.es\/wp-content\/uploads\/2020\/11\/web-ministerio-cultura-400x186.jpg 400w, https:\/\/editorial.trevenque.es\/wp-content\/uploads\/2020\/11\/web-ministerio-cultura-600x279.jpg 600w, https:\/\/editorial.trevenque.es\/wp-content\/uploads\/2020\/11\/web-ministerio-cultura-768x357.jpg 768w, https:\/\/editorial.trevenque.es\/wp-content\/uploads\/2020\/11\/web-ministerio-cultura-800x372.jpg 800w, https:\/\/editorial.trevenque.es\/wp-content\/uploads\/2020\/11\/web-ministerio-cultura-1024x476.jpg 1024w, https:\/\/editorial.trevenque.es\/wp-content\/uploads\/2020\/11\/web-ministerio-cultura-1200x558.jpg 1200w, https:\/\/editorial.trevenque.es\/wp-content\/uploads\/2020\/11\/web-ministerio-cultura.jpg 1320w\" sizes=\"auto, (max-width: 1320px) 100vw, 1320px\" \/><\/p>\n","protected":false},"excerpt":{"rendered":"<p>A finales del pasado mes de octubre, se public\u00f3 la nueva web del servicio de publicaciones del Ministerio de Cultura y Deporte. Un proyecto en [&hellip;]<\/p>\n","protected":false},"author":14,"featured_media":2686,"comment_status":"open","ping_status":"open","sticky":false,"template":"","format":"standard","meta":{"_acf_changed":false,"footnotes":""},"categories":[],"tags":[54,63],"class_list":["post-2685","post","type-post","status-publish","format-standard","has-post-thumbnail","hentry","tag-gesedi","tag-webedi"],"acf":[],"_links":{"self":[{"href":"https:\/\/editorial.trevenque.es\/mx\/wp-json\/wp\/v2\/posts\/2685","targetHints":{"allow":["GET"]}}],"collection":[{"href":"https:\/\/editorial.trevenque.es\/mx\/wp-json\/wp\/v2\/posts"}],"about":[{"href":"https:\/\/editorial.trevenque.es\/mx\/wp-json\/wp\/v2\/types\/post"}],"author":[{"embeddable":true,"href":"https:\/\/editorial.trevenque.es\/mx\/wp-json\/wp\/v2\/users\/14"}],"replies":[{"embeddable":true,"href":"https:\/\/editorial.trevenque.es\/mx\/wp-json\/wp\/v2\/comments?post=2685"}],"version-history":[{"count":2,"href":"https:\/\/editorial.trevenque.es\/mx\/wp-json\/wp\/v2\/posts\/2685\/revisions"}],"predecessor-version":[{"id":2689,"href":"https:\/\/editorial.trevenque.es\/mx\/wp-json\/wp\/v2\/posts\/2685\/revisions\/2689"}],"wp:featuredmedia":[{"embeddable":true,"href":"https:\/\/editorial.trevenque.es\/mx\/wp-json\/wp\/v2\/media\/2686"}],"wp:attachment":[{"href":"https:\/\/editorial.trevenque.es\/mx\/wp-json\/wp\/v2\/media?parent=2685"}],"wp:term":[{"taxonomy":"category","embeddable":true,"href":"https:\/\/editorial.trevenque.es\/mx\/wp-json\/wp\/v2\/categories?post=2685"},{"taxonomy":"post_tag","embeddable":true,"href":"https:\/\/editorial.trevenque.es\/mx\/wp-json\/wp\/v2\/tags?post=2685"}],"curies":[{"name":"wp","href":"https:\/\/api.w.org\/{rel}","templated":true}]}}