{"id":2502,"date":"2020-02-26T14:31:14","date_gmt":"2020-02-26T14:31:14","guid":{"rendered":"https:\/\/editorial.trevenque.es\/?p=2502"},"modified":"2020-05-14T14:38:00","modified_gmt":"2020-05-14T14:38:00","slug":"grupo-trevenque-rumbo-al-congreso-de-librerias-de-malaga","status":"publish","type":"post","link":"https:\/\/editorial.trevenque.es\/mx\/grupo-trevenque-rumbo-al-congreso-de-librerias-de-malaga\/","title":{"rendered":"Grupo Trevenque, rumbo al Congreso de Librer\u00edas de M\u00e1laga"},"content":{"rendered":"<p>El <a href=\"https:\/\/www.cegal.es\/actividades\/congreso-de-librerias\/malaga-2020\/\" target=\"_blank\" rel=\"noopener\">Congreso de Librer\u00edas de M\u00e1laga<\/a> arranca el pr\u00f3ximo mi\u00e9rcoles 4 de marzo, y all\u00ed estar\u00e1 Trevenque Group. La empresa andaluza colabora en la organizaci\u00f3n del evento y, adem\u00e1s, ser\u00e1 tambi\u00e9n protagonista de una de las citas principales marcadas en su agenda. As\u00ed, <strong>Buenaventura Porcel<\/strong>, director de software editorial de Trevenque Group, ser\u00e1 uno de los encargados de presentar el nuevo proyecto <a href=\"https:\/\/www.todostuslibros.com\/\" target=\"_blank\" rel=\"noopener\">Todostuslibros.com<\/a>.<\/p>\n<p>&#8220;El Congreso de Libreros es el \u00fanico evento dedicado en exclusiva a analizar <strong>la situaci\u00f3n y la evoluci\u00f3n de las librer\u00edas en Espa\u00f1a<\/strong>&#8220;, resalta Porcel. Han pasado ya dos a\u00f1os desde la \u00faltima edici\u00f3n de este encuentro, que se celebr\u00f3 en Sevilla, y los retos a los que se enfrenta el sector requieren de un nuevo impulso. No es casualidad por ello que el Congreso haya elegido para esta cita el lema <strong>&#8216;Re_Evoluci\u00f3n Librera<\/strong>&#8216;, con el objetivo de subrayar el paso al frente que est\u00e1n dando las librer\u00edas espa\u00f1olas en la b\u00fasqueda de estrategias para crear nuevos lectores y para alcanzar mejoras tecnol\u00f3gicas que les permitan competir con las grandes plataformas.<\/p>\n<h3>Los retos del sector<\/h3>\n<p>Un prop\u00f3sito al que se une el director de software editorial de Trevenque Group: &#8220;Debemos intentar aunar esfuerzos en busca de soluciones para encarar los retos actuales y futuros que se plantean en el sector&#8221;, afirma. Entre esos desaf\u00edos cita &#8220;<strong>acercar las librer\u00edas a los lectores<\/strong>&#8221; o &#8220;<strong>la influencia de las grandes empresas de retail en el mercado<\/strong>&#8220;. De ah\u00ed la importancia de contar con un foro como el de este Congreso, donde se analiza la problem\u00e1tica espec\u00edfica del sector editorial desde la \u00f3ptica de las librer\u00edas.<\/p>\n<p>Y donde tambi\u00e9n habr\u00e1 sitio para dar a conocer la \u00faltima tecnolog\u00eda que puede ayudar bastante al d\u00eda a d\u00eda de los libreros. Ser\u00e1 el <strong>jueves 5, en torno a las 12:45 horas<\/strong>, cuando Porcel presente junto a Jes\u00fas Rodr\u00edguez Trueba, de la Librer\u00eda &#8216;La Buena Vida&#8217;, y Jes\u00fas Otaola, de la Librer\u00eda Prometeo, los avances m\u00e1s recientes del proyecto <strong>Todostuslibros.com<\/strong>.<\/p>\n<p><img loading=\"lazy\" decoding=\"async\" class=\"alignnone size-full wp-image-2373\" src=\"https:\/\/editorial.trevenque.es\/wp-content\/uploads\/2020\/02\/CONGRESO-LIBRERIAS-2020_TW.png\" alt=\"Trevenque Group, en el Congreso de Librer\u00edas de M\u00e1laga\" width=\"1024\" height=\"512\" srcset=\"https:\/\/editorial.trevenque.es\/wp-content\/uploads\/2020\/02\/CONGRESO-LIBRERIAS-2020_TW-200x100.png 200w, https:\/\/editorial.trevenque.es\/wp-content\/uploads\/2020\/02\/CONGRESO-LIBRERIAS-2020_TW-300x150.png 300w, https:\/\/editorial.trevenque.es\/wp-content\/uploads\/2020\/02\/CONGRESO-LIBRERIAS-2020_TW-400x200.png 400w, https:\/\/editorial.trevenque.es\/wp-content\/uploads\/2020\/02\/CONGRESO-LIBRERIAS-2020_TW-600x300.png 600w, https:\/\/editorial.trevenque.es\/wp-content\/uploads\/2020\/02\/CONGRESO-LIBRERIAS-2020_TW-768x384.png 768w, https:\/\/editorial.trevenque.es\/wp-content\/uploads\/2020\/02\/CONGRESO-LIBRERIAS-2020_TW-800x400.png 800w, https:\/\/editorial.trevenque.es\/wp-content\/uploads\/2020\/02\/CONGRESO-LIBRERIAS-2020_TW.png 1024w\" sizes=\"auto, (max-width: 1024px) 100vw, 1024px\" \/><\/p>\n<p>Sin entrar en profundidad en el contenido de lo que se revelar\u00e1 en el Congreso, el director de software editorial de Trevenque Group adelanta que &#8220;es un proyecto muy ilusionante respecto a tener una plataforma com\u00fan al servicio de los lectores, y sobre todo pensando en <strong>acercar el libro al lector y en fomentar el comercial tradicional<\/strong>. Asimismo, resalta que as\u00ed se puede &#8220;dar visibilidad tanto a las librer\u00edas como a la multitud de fondos editoriales que se pueden obtener a trav\u00e9s de este canal&#8221;.<\/p>\n<h3>Las soluciones de Trevenque Group<\/h3>\n<p>En ese proyecto ha trabajado el departamento de software editorial que dirige Porcel, y en \u00e9l se han podido involucrar en Trevenque Group gracias a los m\u00e1s de <strong>27 a\u00f1os de experiencia que acumulan ofreciendo soluciones para el sector<\/strong>. En este sentido, su <a href=\"https:\/\/editorial.trevenque.es\/productos\/geslib\/\">software de gesti\u00f3n Geslib<\/a> es el que emplean m\u00e1s de 900 clientes en Espa\u00f1a y Latinoam\u00e9rica, y su <a href=\"https:\/\/editorial.trevenque.es\/productos\/weblib\/\">plataforma de ventas Weblib<\/a> es tambi\u00e9n una referencia para los libreros de todo el mundo.<\/p>\n<p>A presentar estas soluciones se dedicar\u00e1 tambi\u00e9n el equipo liderado por Porcel y que se desplazar\u00e1 a M\u00e1laga <strong>del 4 al 6 de marzo<\/strong>. Las instalaciones de La T\u00e9rmica acoger\u00e1n un evento que, durante tres jornadas, reunir\u00e1 a m\u00e1s de <strong>300 profesionales del sector del libro<\/strong> en un momento crucial para el sector.<\/p>\n","protected":false},"excerpt":{"rendered":"<p>El Congreso de Librer\u00edas de M\u00e1laga arranca el pr\u00f3ximo mi\u00e9rcoles 4 de marzo, y all\u00ed estar\u00e1 Trevenque Group. La empresa andaluza colabora en la organizaci\u00f3n [&hellip;]<\/p>\n","protected":false},"author":14,"featured_media":2374,"comment_status":"open","ping_status":"open","sticky":false,"template":"","format":"standard","meta":{"_acf_changed":false,"footnotes":""},"categories":[],"tags":[],"class_list":["post-2502","post","type-post","status-publish","format-standard","has-post-thumbnail","hentry"],"acf":[],"_links":{"self":[{"href":"https:\/\/editorial.trevenque.es\/mx\/wp-json\/wp\/v2\/posts\/2502","targetHints":{"allow":["GET"]}}],"collection":[{"href":"https:\/\/editorial.trevenque.es\/mx\/wp-json\/wp\/v2\/posts"}],"about":[{"href":"https:\/\/editorial.trevenque.es\/mx\/wp-json\/wp\/v2\/types\/post"}],"author":[{"embeddable":true,"href":"https:\/\/editorial.trevenque.es\/mx\/wp-json\/wp\/v2\/users\/14"}],"replies":[{"embeddable":true,"href":"https:\/\/editorial.trevenque.es\/mx\/wp-json\/wp\/v2\/comments?post=2502"}],"version-history":[{"count":1,"href":"https:\/\/editorial.trevenque.es\/mx\/wp-json\/wp\/v2\/posts\/2502\/revisions"}],"predecessor-version":[{"id":2503,"href":"https:\/\/editorial.trevenque.es\/mx\/wp-json\/wp\/v2\/posts\/2502\/revisions\/2503"}],"wp:featuredmedia":[{"embeddable":true,"href":"https:\/\/editorial.trevenque.es\/mx\/wp-json\/wp\/v2\/media\/2374"}],"wp:attachment":[{"href":"https:\/\/editorial.trevenque.es\/mx\/wp-json\/wp\/v2\/media?parent=2502"}],"wp:term":[{"taxonomy":"category","embeddable":true,"href":"https:\/\/editorial.trevenque.es\/mx\/wp-json\/wp\/v2\/categories?post=2502"},{"taxonomy":"post_tag","embeddable":true,"href":"https:\/\/editorial.trevenque.es\/mx\/wp-json\/wp\/v2\/tags?post=2502"}],"curies":[{"name":"wp","href":"https:\/\/api.w.org\/{rel}","templated":true}]}}